{"id":30258,"date":"2025-05-20T19:15:10","date_gmt":"2025-05-20T16:15:10","guid":{"rendered":"https:\/\/www.egemtv.com\/?p=30258"},"modified":"2025-05-20T19:15:15","modified_gmt":"2025-05-20T16:15:15","slug":"ispartada-oyuncak-dukkaninda-cikan-yangini-itfaiye-ekibi-sondurdu","status":"publish","type":"post","link":"https:\/\/www.egemtv.com\/?p=30258","title":{"rendered":"Isparta\u2019da oyuncak d\u00fckkan\u0131nda \u00e7\u0131kan yang\u0131n\u0131 itfaiye ekibi s\u00f6nd\u00fcrd\u00fc"},"content":{"rendered":"<p>Isparta\u2019da sanayi sitesinde bulunan oyuncak d\u00fckkan\u0131nda \u00e7\u0131kan yang\u0131n, itfaiye ekiplerinin m\u00fcdahalesiyle s\u00f6nd\u00fcr\u00fcld\u00fc.<br \/>\n<br \/>Yang\u0131n, saat 17.00 s\u0131ralar\u0131nda Isparta\u2019n\u0131n G\u00fcl Petek Sanayi Sitesi\u2019nde meydana geldi. Edinilen bilgiye g\u00f6re, sanayi sitesi i\u00e7inde bulunan bir oyuncak d\u00fckkan\u0131nda hen\u00fcz belirlenemeyen bir nedenle yang\u0131n \u00e7\u0131kt\u0131. K\u0131sa s\u00fcrede b\u00fcy\u00fcyen alevler t\u00fcm d\u00fckkan\u0131 sard\u0131. Dumanlar\u0131 fark eden \u00e7evre esnaf\u0131n\u0131n ihbar\u0131 \u00fczerine olay yerine \u00e7ok say\u0131da itfaiye ekibi sevk edildi. B\u00f6lgeye gelen ekipler yang\u0131na h\u0131zla m\u00fcdahale ederken, polis ekipleri de \u00e7evrede g\u00fcvenlik \u00f6nlemleri ald\u0131. \u0130tfaiyenin yo\u011fun \u00e7al\u0131\u015fmas\u0131 sonucu yang\u0131n kontrol alt\u0131na al\u0131narak s\u00f6nd\u00fcr\u00fcld\u00fc. Olayda can kayb\u0131 ya\u015fanmazken, d\u00fckkanda maddi hasar olu\u015ftu. Yang\u0131n\u0131n \u00e7\u0131k\u0131\u015f nedeniyle ilgili inceleme ba\u015flat\u0131ld\u0131.<br \/><\/p>\n","protected":false},"excerpt":{"rendered":"<p>Isparta\u2019da sanayi sitesinde bulunan oyuncak d\u00fckkan\u0131nda \u00e7\u0131kan yang\u0131n, itfaiye ekiplerinin m\u00fcdahalesiyle s\u00f6nd\u00fcr\u00fcld\u00fc. Yang\u0131n, saat 17.00 s\u0131ralar\u0131nda Isparta\u2019n\u0131n G\u00fcl Petek Sanayi Sitesi\u2019nde meydana geldi. Edinilen bilgiye g\u00f6re, sanayi sitesi i\u00e7inde bulunan bir oyuncak d\u00fckkan\u0131nda hen\u00fcz belirlenemeyen bir nedenle yang\u0131n \u00e7\u0131kt\u0131. K\u0131sa s\u00fcrede b\u00fcy\u00fcyen alevler t\u00fcm d\u00fckkan\u0131 sard\u0131. Dumanlar\u0131 fark eden \u00e7evre esnaf\u0131n\u0131n ihbar\u0131 \u00fczerine olay yerine&#8230;<\/p>\n","protected":false},"author":1,"featured_media":30259,"comment_status":"open","ping_status":"open","sticky":false,"template":"","format":"standard","meta":{"_crdt_document":"","footnotes":""},"categories":[5],"tags":[],"class_list":["post-30258","post","type-post","status-publish","format-standard","has-post-thumbnail","hentry","category-asayis"],"_links":{"self":[{"href":"https:\/\/www.egemtv.com\/index.php?rest_route=\/wp\/v2\/posts\/30258","targetHints":{"allow":["GET"]}}],"collection":[{"href":"https:\/\/www.egemtv.com\/index.php?rest_route=\/wp\/v2\/posts"}],"about":[{"href":"https:\/\/www.egemtv.com\/index.php?rest_route=\/wp\/v2\/types\/post"}],"author":[{"embeddable":true,"href":"https:\/\/www.egemtv.com\/index.php?rest_route=\/wp\/v2\/users\/1"}],"replies":[{"embeddable":true,"href":"https:\/\/www.egemtv.com\/index.php?rest_route=%2Fwp%2Fv2%2Fcomments&post=30258"}],"version-history":[{"count":1,"href":"https:\/\/www.egemtv.com\/index.php?rest_route=\/wp\/v2\/posts\/30258\/revisions"}],"predecessor-version":[{"id":30260,"href":"https:\/\/www.egemtv.com\/index.php?rest_route=\/wp\/v2\/posts\/30258\/revisions\/30260"}],"wp:featuredmedia":[{"embeddable":true,"href":"https:\/\/www.egemtv.com\/index.php?rest_route=\/wp\/v2\/media\/30259"}],"wp:attachment":[{"href":"https:\/\/www.egemtv.com\/index.php?rest_route=%2Fwp%2Fv2%2Fmedia&parent=30258"}],"wp:term":[{"taxonomy":"category","embeddable":true,"href":"https:\/\/www.egemtv.com\/index.php?rest_route=%2Fwp%2Fv2%2Fcategories&post=30258"},{"taxonomy":"post_tag","embeddable":true,"href":"https:\/\/www.egemtv.com\/index.php?rest_route=%2Fwp%2Fv2%2Ftags&post=30258"}],"curies":[{"name":"wp","href":"https:\/\/api.w.org\/{rel}","templated":true}]}}