{"id":30255,"date":"2025-05-20T18:19:25","date_gmt":"2025-05-20T15:19:25","guid":{"rendered":"https:\/\/www.egemtv.com\/?p=30255"},"modified":"2025-05-20T18:19:32","modified_gmt":"2025-05-20T15:19:32","slug":"kalp-krizi-sonucu-hayatini-kaybeden-polis-memuru-muglada-son-yolculuguna-ugurlandi","status":"publish","type":"post","link":"https:\/\/www.egemtv.com\/?p=30255","title":{"rendered":"Kalp krizi sonucu hayat\u0131n\u0131 kaybeden polis memuru Mu\u011fla\u2019da son yolculu\u011funa u\u011furland\u0131"},"content":{"rendered":"<p>Denizli \u0130l Emniyet M\u00fcd\u00fcrl\u00fc\u011f\u00fc kadrosunda g\u00f6revli polis memuru Tar\u0131k G\u00fcndo\u011fdu (52), ge\u00e7irdi\u011fi kalp krizi sonucu ya\u015fam\u0131n\u0131 yitirdi. \u0130ki \u00e7ocuk babas\u0131 G\u00fcndo\u011fdu, Mu\u011fla\u2019da d\u00fczenlenen cenaze t\u00f6reniyle son yolculu\u011funa u\u011furland\u0131.<\/p>\n<p>19 May\u0131s 2025 g\u00fcn\u00fc g\u00f6revli oldu\u011fu s\u0131rada aniden fenala\u015farak hastaneye kald\u0131r\u0131lan polis memuru Tar\u0131k G\u00fcndo\u011fdu\u2019nun, kalp krizi ge\u00e7irdi\u011fi belirlendi. Hastanede yo\u011fun bak\u0131m \u00fcnitesinde tedavi alt\u0131na al\u0131nan G\u00fcndo\u011fdu, doktorlar\u0131n t\u00fcm m\u00fcdahalesine ra\u011fmen kurtar\u0131lamayarak hayat\u0131n\u0131 kaybetti.<\/p>\n<p>Tar\u0131k G\u00fcndo\u011fdu i\u00e7in memleketi Mu\u011fla\u2019da Kur\u015funlu Camii\u2019nde cenaze t\u00f6reni d\u00fczenlendi. \u0130kindi namaz\u0131na m\u00fcteakip k\u0131l\u0131nan cenaze namaz\u0131n\u0131n ard\u0131ndan, polis t\u00f6ren mangas\u0131n\u0131n omuzlar\u0131nda cenaze arac\u0131na ta\u015f\u0131nan G\u00fcndo\u011fdu\u2019nun naa\u015f\u0131, Mu\u011fla \u015eehir Yeni Mezarl\u0131\u011f\u0131\u2019nda topra\u011fa verildi.<br \/><\/p>\n","protected":false},"excerpt":{"rendered":"<p>Denizli \u0130l Emniyet M\u00fcd\u00fcrl\u00fc\u011f\u00fc kadrosunda g\u00f6revli polis memuru Tar\u0131k G\u00fcndo\u011fdu (52), ge\u00e7irdi\u011fi kalp krizi sonucu ya\u015fam\u0131n\u0131 yitirdi. \u0130ki \u00e7ocuk babas\u0131 G\u00fcndo\u011fdu, Mu\u011fla\u2019da d\u00fczenlenen cenaze t\u00f6reniyle son yolculu\u011funa u\u011furland\u0131. 19 May\u0131s 2025 g\u00fcn\u00fc g\u00f6revli oldu\u011fu s\u0131rada aniden fenala\u015farak hastaneye kald\u0131r\u0131lan polis memuru Tar\u0131k G\u00fcndo\u011fdu\u2019nun, kalp krizi ge\u00e7irdi\u011fi belirlendi. Hastanede yo\u011fun bak\u0131m \u00fcnitesinde tedavi alt\u0131na al\u0131nan G\u00fcndo\u011fdu,&#8230;<\/p>\n","protected":false},"author":1,"featured_media":30256,"comment_status":"open","ping_status":"open","sticky":false,"template":"","format":"standard","meta":{"_crdt_document":"","footnotes":""},"categories":[1],"tags":[],"class_list":["post-30255","post","type-post","status-publish","format-standard","has-post-thumbnail","hentry","category-guncel"],"_links":{"self":[{"href":"https:\/\/www.egemtv.com\/index.php?rest_route=\/wp\/v2\/posts\/30255","targetHints":{"allow":["GET"]}}],"collection":[{"href":"https:\/\/www.egemtv.com\/index.php?rest_route=\/wp\/v2\/posts"}],"about":[{"href":"https:\/\/www.egemtv.com\/index.php?rest_route=\/wp\/v2\/types\/post"}],"author":[{"embeddable":true,"href":"https:\/\/www.egemtv.com\/index.php?rest_route=\/wp\/v2\/users\/1"}],"replies":[{"embeddable":true,"href":"https:\/\/www.egemtv.com\/index.php?rest_route=%2Fwp%2Fv2%2Fcomments&post=30255"}],"version-history":[{"count":1,"href":"https:\/\/www.egemtv.com\/index.php?rest_route=\/wp\/v2\/posts\/30255\/revisions"}],"predecessor-version":[{"id":30257,"href":"https:\/\/www.egemtv.com\/index.php?rest_route=\/wp\/v2\/posts\/30255\/revisions\/30257"}],"wp:featuredmedia":[{"embeddable":true,"href":"https:\/\/www.egemtv.com\/index.php?rest_route=\/wp\/v2\/media\/30256"}],"wp:attachment":[{"href":"https:\/\/www.egemtv.com\/index.php?rest_route=%2Fwp%2Fv2%2Fmedia&parent=30255"}],"wp:term":[{"taxonomy":"category","embeddable":true,"href":"https:\/\/www.egemtv.com\/index.php?rest_route=%2Fwp%2Fv2%2Fcategories&post=30255"},{"taxonomy":"post_tag","embeddable":true,"href":"https:\/\/www.egemtv.com\/index.php?rest_route=%2Fwp%2Fv2%2Ftags&post=30255"}],"curies":[{"name":"wp","href":"https:\/\/api.w.org\/{rel}","templated":true}]}}