{"id":30252,"date":"2025-05-20T16:48:00","date_gmt":"2025-05-20T13:48:00","guid":{"rendered":"https:\/\/www.egemtv.com\/?p=30252"},"modified":"2025-05-20T16:48:09","modified_gmt":"2025-05-20T13:48:09","slug":"buharkentte-millet-bahcesi-hizmete-acildi","status":"publish","type":"post","link":"https:\/\/www.egemtv.com\/?p=30252","title":{"rendered":"Buharkent\u2019te Millet Bah\u00e7esi hizmete a\u00e7\u0131ld\u0131"},"content":{"rendered":"<p>Ayd\u0131n\u2019\u0131n Buharkent il\u00e7esinde 2019 y\u0131l\u0131nda a\u00e7\u0131l\u0131\u015f\u0131 yap\u0131lan Millet Bah\u00e7esi\u2019ndeki belediyeye ait kafeterya bug\u00fcn hizmete a\u00e7\u0131ld\u0131.<\/p>\n<p>Buharkent Belediyesi taraf\u0131ndan 2019 y\u0131l\u0131nda il\u00e7eye kazand\u0131r\u0131lan Millet Bah\u00e7esi, vatanda\u015flar\u0131n dinlenme noktalar\u0131ndan biri haline gelirken, belediye ekipleri de bak\u0131m onar\u0131m \u00e7al\u0131\u015fmalar\u0131na aral\u0131ks\u0131z devam ediyor. Bah\u00e7e i\u00e7erisinde \u00e7al\u0131\u015fmalar tamamlan\u0131rken, Buharkent Belediyesi i\u015fletmesinde bulunan kafeterya da hizmete girdi. Havalar\u0131n \u0131s\u0131nmas\u0131yla birlikte vatanda\u015flar\u0131n vakit ge\u00e7irmek i\u00e7in tercih etti\u011fi yerlerden olan Millet Bah\u00e7esi Kafeteryas\u0131, saat 17.00 ile 24.00 saatleri aras\u0131nda vatanda\u015flara hizmet verecek.<\/p>\n<p>Konu ile ilgili Buharkent Belediyesi\u2019nden yap\u0131lan payla\u015f\u0131mda ise &#8220;15 Temmuz Millet Bah\u00e7esi Kafeteryam\u0131z bug\u00fcn a\u00e7\u0131l\u0131yor. Buharkent Belediyesi olarak, her yaz sezonunda sizler i\u00e7in haz\u0131rlad\u0131\u011f\u0131m\u0131z 15 Temmuz Millet Bah\u00e7esi Kafeteryas\u0131, bu y\u0131l da hizmetinizde. Serin a\u011fa\u00e7 g\u00f6lgelerinde oturup, huzur dolu bir ortamda sevdiklerinizle keyifli vakit ge\u00e7irmek i\u00e7in sizleri bekliyoruz&#8221; ifadeleri yer ald\u0131.<br \/><\/p>\n","protected":false},"excerpt":{"rendered":"<p>Ayd\u0131n\u2019\u0131n Buharkent il\u00e7esinde 2019 y\u0131l\u0131nda a\u00e7\u0131l\u0131\u015f\u0131 yap\u0131lan Millet Bah\u00e7esi\u2019ndeki belediyeye ait kafeterya bug\u00fcn hizmete a\u00e7\u0131ld\u0131. Buharkent Belediyesi taraf\u0131ndan 2019 y\u0131l\u0131nda il\u00e7eye kazand\u0131r\u0131lan Millet Bah\u00e7esi, vatanda\u015flar\u0131n dinlenme noktalar\u0131ndan biri haline gelirken, belediye ekipleri de bak\u0131m onar\u0131m \u00e7al\u0131\u015fmalar\u0131na aral\u0131ks\u0131z devam ediyor. Bah\u00e7e i\u00e7erisinde \u00e7al\u0131\u015fmalar tamamlan\u0131rken, Buharkent Belediyesi i\u015fletmesinde bulunan kafeterya da hizmete girdi. Havalar\u0131n \u0131s\u0131nmas\u0131yla birlikte vatanda\u015flar\u0131n&#8230;<\/p>\n","protected":false},"author":1,"featured_media":30253,"comment_status":"open","ping_status":"open","sticky":false,"template":"","format":"standard","meta":{"_crdt_document":"","footnotes":""},"categories":[1],"tags":[],"class_list":["post-30252","post","type-post","status-publish","format-standard","has-post-thumbnail","hentry","category-guncel"],"_links":{"self":[{"href":"https:\/\/www.egemtv.com\/index.php?rest_route=\/wp\/v2\/posts\/30252","targetHints":{"allow":["GET"]}}],"collection":[{"href":"https:\/\/www.egemtv.com\/index.php?rest_route=\/wp\/v2\/posts"}],"about":[{"href":"https:\/\/www.egemtv.com\/index.php?rest_route=\/wp\/v2\/types\/post"}],"author":[{"embeddable":true,"href":"https:\/\/www.egemtv.com\/index.php?rest_route=\/wp\/v2\/users\/1"}],"replies":[{"embeddable":true,"href":"https:\/\/www.egemtv.com\/index.php?rest_route=%2Fwp%2Fv2%2Fcomments&post=30252"}],"version-history":[{"count":1,"href":"https:\/\/www.egemtv.com\/index.php?rest_route=\/wp\/v2\/posts\/30252\/revisions"}],"predecessor-version":[{"id":30254,"href":"https:\/\/www.egemtv.com\/index.php?rest_route=\/wp\/v2\/posts\/30252\/revisions\/30254"}],"wp:featuredmedia":[{"embeddable":true,"href":"https:\/\/www.egemtv.com\/index.php?rest_route=\/wp\/v2\/media\/30253"}],"wp:attachment":[{"href":"https:\/\/www.egemtv.com\/index.php?rest_route=%2Fwp%2Fv2%2Fmedia&parent=30252"}],"wp:term":[{"taxonomy":"category","embeddable":true,"href":"https:\/\/www.egemtv.com\/index.php?rest_route=%2Fwp%2Fv2%2Fcategories&post=30252"},{"taxonomy":"post_tag","embeddable":true,"href":"https:\/\/www.egemtv.com\/index.php?rest_route=%2Fwp%2Fv2%2Ftags&post=30252"}],"curies":[{"name":"wp","href":"https:\/\/api.w.org\/{rel}","templated":true}]}}