{"id":30249,"date":"2025-05-20T16:47:47","date_gmt":"2025-05-20T13:47:47","guid":{"rendered":"https:\/\/www.egemtv.com\/?p=30249"},"modified":"2025-05-20T16:47:59","modified_gmt":"2025-05-20T13:47:59","slug":"agcnin-yeni-baskani-eris-oldu","status":"publish","type":"post","link":"https:\/\/www.egemtv.com\/?p=30249","title":{"rendered":"AGC\u2019nin yeni ba\u015fkan\u0131 Eri\u015f oldu"},"content":{"rendered":"<p>Ayd\u0131n Gazeteciler Cemiyeti\u2019nde (AGC) Ba\u015fkan Erman \u00c7etin\u2019in vefat\u0131n\u0131n ard\u0131ndan yap\u0131lan y\u00f6netim kurulu toplant\u0131s\u0131nda, Ba\u015fkan Yard\u0131mc\u0131s\u0131 Naci Eri\u015f oy birli\u011fiyle ba\u015fkanl\u0131\u011fa se\u00e7ildi.<\/p>\n<p>Cemiyetin yeni y\u00f6netim yap\u0131s\u0131nda bo\u015falan y\u00f6netim kurulu \u00fcyeli\u011fine ise Abdurrahman F\u0131rat getirildi. Oylamada F\u0131rat da oy birli\u011fi ile y\u00f6netim kurulu \u00fcyeli\u011fine se\u00e7ildi. Cemiyet y\u00f6netimi taraf\u0131ndan yap\u0131lan a\u00e7\u0131klamada, &#8220;Zamans\u0131z bir \u015fekilde aram\u0131zdan ayr\u0131lan merhum ba\u015fkan\u0131m\u0131z Erman \u00c7etin\u2019e bir kez daha Allah\u2019tan rahmet diliyoruz&#8221; denildi.<br \/><\/p>\n","protected":false},"excerpt":{"rendered":"<p>Ayd\u0131n Gazeteciler Cemiyeti\u2019nde (AGC) Ba\u015fkan Erman \u00c7etin\u2019in vefat\u0131n\u0131n ard\u0131ndan yap\u0131lan y\u00f6netim kurulu toplant\u0131s\u0131nda, Ba\u015fkan Yard\u0131mc\u0131s\u0131 Naci Eri\u015f oy birli\u011fiyle ba\u015fkanl\u0131\u011fa se\u00e7ildi. Cemiyetin yeni y\u00f6netim yap\u0131s\u0131nda bo\u015falan y\u00f6netim kurulu \u00fcyeli\u011fine ise Abdurrahman F\u0131rat getirildi. Oylamada F\u0131rat da oy birli\u011fi ile y\u00f6netim kurulu \u00fcyeli\u011fine se\u00e7ildi. Cemiyet y\u00f6netimi taraf\u0131ndan yap\u0131lan a\u00e7\u0131klamada, &#8220;Zamans\u0131z bir \u015fekilde aram\u0131zdan ayr\u0131lan merhum ba\u015fkan\u0131m\u0131z&#8230;<\/p>\n","protected":false},"author":1,"featured_media":30250,"comment_status":"open","ping_status":"open","sticky":false,"template":"","format":"standard","meta":{"_crdt_document":"","footnotes":""},"categories":[1],"tags":[],"class_list":["post-30249","post","type-post","status-publish","format-standard","has-post-thumbnail","hentry","category-guncel"],"_links":{"self":[{"href":"https:\/\/www.egemtv.com\/index.php?rest_route=\/wp\/v2\/posts\/30249","targetHints":{"allow":["GET"]}}],"collection":[{"href":"https:\/\/www.egemtv.com\/index.php?rest_route=\/wp\/v2\/posts"}],"about":[{"href":"https:\/\/www.egemtv.com\/index.php?rest_route=\/wp\/v2\/types\/post"}],"author":[{"embeddable":true,"href":"https:\/\/www.egemtv.com\/index.php?rest_route=\/wp\/v2\/users\/1"}],"replies":[{"embeddable":true,"href":"https:\/\/www.egemtv.com\/index.php?rest_route=%2Fwp%2Fv2%2Fcomments&post=30249"}],"version-history":[{"count":1,"href":"https:\/\/www.egemtv.com\/index.php?rest_route=\/wp\/v2\/posts\/30249\/revisions"}],"predecessor-version":[{"id":30251,"href":"https:\/\/www.egemtv.com\/index.php?rest_route=\/wp\/v2\/posts\/30249\/revisions\/30251"}],"wp:featuredmedia":[{"embeddable":true,"href":"https:\/\/www.egemtv.com\/index.php?rest_route=\/wp\/v2\/media\/30250"}],"wp:attachment":[{"href":"https:\/\/www.egemtv.com\/index.php?rest_route=%2Fwp%2Fv2%2Fmedia&parent=30249"}],"wp:term":[{"taxonomy":"category","embeddable":true,"href":"https:\/\/www.egemtv.com\/index.php?rest_route=%2Fwp%2Fv2%2Fcategories&post=30249"},{"taxonomy":"post_tag","embeddable":true,"href":"https:\/\/www.egemtv.com\/index.php?rest_route=%2Fwp%2Fv2%2Ftags&post=30249"}],"curies":[{"name":"wp","href":"https:\/\/api.w.org\/{rel}","templated":true}]}}