{"id":30246,"date":"2025-05-20T15:36:19","date_gmt":"2025-05-20T12:36:19","guid":{"rendered":"https:\/\/www.egemtv.com\/?p=30246"},"modified":"2025-05-20T15:36:22","modified_gmt":"2025-05-20T12:36:22","slug":"kutahyada-ucuruma-yuvarlanan-hafriyat-kamyonunun-surucu-hayatini-kaybetti","status":"publish","type":"post","link":"https:\/\/www.egemtv.com\/?p=30246","title":{"rendered":"K\u00fctahya\u2019da u\u00e7uruma yuvarlanan hafriyat kamyonunun s\u00fcr\u00fcc\u00fc hayat\u0131n\u0131 kaybetti"},"content":{"rendered":"<p>K\u00fctahya\u2019n\u0131n Alt\u0131nta\u015f il\u00e7esinde bir maden oca\u011f\u0131nda d\u00f6k\u00fcm yapt\u0131\u011f\u0131 esnada u\u00e7uruma yuvarlanan hafriyat kamyonunun s\u00fcr\u00fcc\u00fcs\u00fc hayat\u0131n\u0131 kaybetti.<br \/>\n<br \/>Edinilen bilgiye g\u00f6re, Oysu k\u00f6y\u00fc yak\u0131nlar\u0131ndaki bir maden oca\u011f\u0131nda \u00dczeyir K\u0131l\u0131\u00e7\u2019\u0131n (54) kulland\u0131\u011f\u0131 hafriyat y\u00fckl\u00fc kamyon, d\u00f6k\u00fcm yapt\u0131\u011f\u0131 esnada yakla\u015f\u0131k 15 metrelik u\u00e7uruma yuvarland\u0131. \u0130hbar \u00fczerine olay yerine sa\u011fl\u0131k, itfaiye ve jandarma ekipleri sevk edildi. Ara\u00e7tan a\u011f\u0131r yaral\u0131 halde \u00e7\u0131kar\u0131lan s\u00fcr\u00fcc\u00fc K\u0131l\u0131\u00e7, kald\u0131r\u0131ld\u0131\u011f\u0131 Alt\u0131nta\u015f Devlet Hastanesinde doktorlar\u0131n t\u00fcm m\u00fcdahalelerine ra\u011fmen kurtar\u0131lamayarak hayat\u0131n\u0131 kaybetti. K\u0131l\u0131\u00e7\u2019\u0131n cenazesi, memleketi Dumlup\u0131nar il\u00e7esine ba\u011fl\u0131 K\u00fc\u00e7\u00fckasl\u0131hanlar k\u00f6y\u00fcnde defnedildi.<br \/>\n<br \/>Kazayla ilgili inceleme s\u00fcr\u00fcyor.<br \/><\/p>\n","protected":false},"excerpt":{"rendered":"<p>K\u00fctahya\u2019n\u0131n Alt\u0131nta\u015f il\u00e7esinde bir maden oca\u011f\u0131nda d\u00f6k\u00fcm yapt\u0131\u011f\u0131 esnada u\u00e7uruma yuvarlanan hafriyat kamyonunun s\u00fcr\u00fcc\u00fcs\u00fc hayat\u0131n\u0131 kaybetti. Edinilen bilgiye g\u00f6re, Oysu k\u00f6y\u00fc yak\u0131nlar\u0131ndaki bir maden oca\u011f\u0131nda \u00dczeyir K\u0131l\u0131\u00e7\u2019\u0131n (54) kulland\u0131\u011f\u0131 hafriyat y\u00fckl\u00fc kamyon, d\u00f6k\u00fcm yapt\u0131\u011f\u0131 esnada yakla\u015f\u0131k 15 metrelik u\u00e7uruma yuvarland\u0131. \u0130hbar \u00fczerine olay yerine sa\u011fl\u0131k, itfaiye ve jandarma ekipleri sevk edildi. Ara\u00e7tan a\u011f\u0131r yaral\u0131 halde&#8230;<\/p>\n","protected":false},"author":1,"featured_media":30247,"comment_status":"open","ping_status":"open","sticky":false,"template":"","format":"standard","meta":{"_crdt_document":"","footnotes":""},"categories":[5],"tags":[],"class_list":["post-30246","post","type-post","status-publish","format-standard","has-post-thumbnail","hentry","category-asayis"],"_links":{"self":[{"href":"https:\/\/www.egemtv.com\/index.php?rest_route=\/wp\/v2\/posts\/30246","targetHints":{"allow":["GET"]}}],"collection":[{"href":"https:\/\/www.egemtv.com\/index.php?rest_route=\/wp\/v2\/posts"}],"about":[{"href":"https:\/\/www.egemtv.com\/index.php?rest_route=\/wp\/v2\/types\/post"}],"author":[{"embeddable":true,"href":"https:\/\/www.egemtv.com\/index.php?rest_route=\/wp\/v2\/users\/1"}],"replies":[{"embeddable":true,"href":"https:\/\/www.egemtv.com\/index.php?rest_route=%2Fwp%2Fv2%2Fcomments&post=30246"}],"version-history":[{"count":1,"href":"https:\/\/www.egemtv.com\/index.php?rest_route=\/wp\/v2\/posts\/30246\/revisions"}],"predecessor-version":[{"id":30248,"href":"https:\/\/www.egemtv.com\/index.php?rest_route=\/wp\/v2\/posts\/30246\/revisions\/30248"}],"wp:featuredmedia":[{"embeddable":true,"href":"https:\/\/www.egemtv.com\/index.php?rest_route=\/wp\/v2\/media\/30247"}],"wp:attachment":[{"href":"https:\/\/www.egemtv.com\/index.php?rest_route=%2Fwp%2Fv2%2Fmedia&parent=30246"}],"wp:term":[{"taxonomy":"category","embeddable":true,"href":"https:\/\/www.egemtv.com\/index.php?rest_route=%2Fwp%2Fv2%2Fcategories&post=30246"},{"taxonomy":"post_tag","embeddable":true,"href":"https:\/\/www.egemtv.com\/index.php?rest_route=%2Fwp%2Fv2%2Ftags&post=30246"}],"curies":[{"name":"wp","href":"https:\/\/api.w.org\/{rel}","templated":true}]}}