{"id":30243,"date":"2025-05-20T15:36:14","date_gmt":"2025-05-20T12:36:14","guid":{"rendered":"https:\/\/www.egemtv.com\/?p=30243"},"modified":"2025-05-20T15:36:18","modified_gmt":"2025-05-20T12:36:18","slug":"sultanhisarda-cilek-guzeli-belli-oldu","status":"publish","type":"post","link":"https:\/\/www.egemtv.com\/?p=30243","title":{"rendered":"Sultanhisar\u2019da \u2018\u00c7ilek G\u00fczeli\u2019 belli oldu"},"content":{"rendered":"<p>Ayd\u0131n\u2019\u0131n Sultanhisar il\u00e7esinde bu y\u0131l 53.\u2019s\u00fc d\u00fczenlenen Uluslararas\u0131 Sultanhisar At\u00e7a Nysa \u00c7ilek Tar\u0131m K\u00fclt\u00fcr ve Sanat Festivali kapsam\u0131nda her y\u0131l ger\u00e7ekle\u015ftirilen g\u00fczellik yar\u0131\u015fmas\u0131nda bu y\u0131l\u0131n \u00c7ilek G\u00fczeli G\u00fclizar \u00d6zkaya oldu.<\/p>\n<p>Sultanhisar At\u00e7a Nysa \u00c7ilek Tar\u0131m K\u00fclt\u00fcr ve Sanat Festivali 53. kez co\u015fkuya sahne oldu. Nysa Zarafet G\u00fczeli ve \u00c7ilek G\u00fczeli yar\u0131\u015fmalar\u0131n\u0131n d\u00fczenlendi\u011fi festival, Sultanhisar ve At\u00e7a\u2019da ger\u00e7ekle\u015ftirilirken, 9 g\u00fcn s\u00fcren festival Zakkum grubunun konseri ile sonland\u0131.<\/p>\n<p>Konser \u00f6ncesinde herkesin merakla bekledi\u011fi \u00c7ilek G\u00fczeli yar\u0131\u015fmas\u0131nda da sonu\u00e7lar belli oldu. At\u00e7a Cumhuriyet Meydan\u0131\u2019nda ger\u00e7ekle\u015ftirilen &#8220;\u00c7ilek G\u00fczeli&#8221; yar\u0131\u015fmas\u0131na kat\u0131lan gen\u00e7 k\u0131zlar birincilik i\u00e7in boy g\u00f6sterirken 13 g\u00fczel aras\u0131ndan G\u00fclizar \u00d6zkaya birinci, Ya\u011fmur Su G\u00f6\u00e7men ikinci, Beyzanur Uslu ise \u00fc\u00e7\u00fcnc\u00fc se\u00e7ildi. Birinci se\u00e7ilen g\u00fczel 12 bin TL \u00f6d\u00fcl\u00fcn sahibi olurken ikinciye 8 bin TL, \u00fc\u00e7\u00fcnc\u00fcye ise 5 bin TL \u00f6d\u00fcl verildi. \u00c7ilek G\u00fczeli\u2019nin tac\u0131n\u0131 takmas\u0131n\u0131n ard\u0131ndan \u00fcnl\u00fc m\u00fczik grubu Zakkum sahne ald\u0131. Sevilen \u015fark\u0131larla birlikte unutulmaz ak\u015fam ya\u015fayan vatanda\u015flar, \u015fark\u0131lara birlikte e\u015flik etti.<\/p>\n<p>Konu ile ilgili Sultanhisar Belediyesi\u2019nden yap\u0131lan payla\u015f\u0131mda &#8220;At\u00e7a Cumhuriyet Meydan\u0131\u2019nda folklor g\u00f6sterilerinin ard\u0131ndan 13 g\u00fczel aras\u0131ndan G\u00fclizar \u00d6zkaya \u2018\u00c7ilek G\u00fczeli\u2019 se\u00e7ilerek tac\u0131n\u0131 takt\u0131. \u00c7ilek G\u00fczeli\u2019nin tac\u0131n\u0131 takmas\u0131n\u0131n ard\u0131ndan \u00fcnl\u00fc m\u00fczik grubu Zakkum\u2019un yo\u011fun kalabal\u0131k ve izdiham kar\u015f\u0131s\u0131nda sahne almas\u0131yla 53. Uluslararas\u0131 Sultanhisar At\u00e7a Nysa \u00c7ilek Tar\u0131m K\u00fclt\u00fcr ve Sanat Festivalimiz sona erdi&#8221; ifadeleri yer ald\u0131.<br \/><\/p>\n","protected":false},"excerpt":{"rendered":"<p>Ayd\u0131n\u2019\u0131n Sultanhisar il\u00e7esinde bu y\u0131l 53.\u2019s\u00fc d\u00fczenlenen Uluslararas\u0131 Sultanhisar At\u00e7a Nysa \u00c7ilek Tar\u0131m K\u00fclt\u00fcr ve Sanat Festivali kapsam\u0131nda her y\u0131l ger\u00e7ekle\u015ftirilen g\u00fczellik yar\u0131\u015fmas\u0131nda bu y\u0131l\u0131n \u00c7ilek G\u00fczeli G\u00fclizar \u00d6zkaya oldu. Sultanhisar At\u00e7a Nysa \u00c7ilek Tar\u0131m K\u00fclt\u00fcr ve Sanat Festivali 53. kez co\u015fkuya sahne oldu. Nysa Zarafet G\u00fczeli ve \u00c7ilek G\u00fczeli yar\u0131\u015fmalar\u0131n\u0131n d\u00fczenlendi\u011fi festival, Sultanhisar ve&#8230;<\/p>\n","protected":false},"author":1,"featured_media":30244,"comment_status":"open","ping_status":"open","sticky":false,"template":"","format":"standard","meta":{"_crdt_document":"","footnotes":""},"categories":[1],"tags":[],"class_list":["post-30243","post","type-post","status-publish","format-standard","has-post-thumbnail","hentry","category-guncel"],"_links":{"self":[{"href":"https:\/\/www.egemtv.com\/index.php?rest_route=\/wp\/v2\/posts\/30243","targetHints":{"allow":["GET"]}}],"collection":[{"href":"https:\/\/www.egemtv.com\/index.php?rest_route=\/wp\/v2\/posts"}],"about":[{"href":"https:\/\/www.egemtv.com\/index.php?rest_route=\/wp\/v2\/types\/post"}],"author":[{"embeddable":true,"href":"https:\/\/www.egemtv.com\/index.php?rest_route=\/wp\/v2\/users\/1"}],"replies":[{"embeddable":true,"href":"https:\/\/www.egemtv.com\/index.php?rest_route=%2Fwp%2Fv2%2Fcomments&post=30243"}],"version-history":[{"count":1,"href":"https:\/\/www.egemtv.com\/index.php?rest_route=\/wp\/v2\/posts\/30243\/revisions"}],"predecessor-version":[{"id":30245,"href":"https:\/\/www.egemtv.com\/index.php?rest_route=\/wp\/v2\/posts\/30243\/revisions\/30245"}],"wp:featuredmedia":[{"embeddable":true,"href":"https:\/\/www.egemtv.com\/index.php?rest_route=\/wp\/v2\/media\/30244"}],"wp:attachment":[{"href":"https:\/\/www.egemtv.com\/index.php?rest_route=%2Fwp%2Fv2%2Fmedia&parent=30243"}],"wp:term":[{"taxonomy":"category","embeddable":true,"href":"https:\/\/www.egemtv.com\/index.php?rest_route=%2Fwp%2Fv2%2Fcategories&post=30243"},{"taxonomy":"post_tag","embeddable":true,"href":"https:\/\/www.egemtv.com\/index.php?rest_route=%2Fwp%2Fv2%2Ftags&post=30243"}],"curies":[{"name":"wp","href":"https:\/\/api.w.org\/{rel}","templated":true}]}}