{"id":30237,"date":"2025-05-20T15:16:27","date_gmt":"2025-05-20T12:16:27","guid":{"rendered":"https:\/\/www.egemtv.com\/?p=30237"},"modified":"2025-05-20T15:16:36","modified_gmt":"2025-05-20T12:16:36","slug":"karacasunun-yollari-yenileniyor","status":"publish","type":"post","link":"https:\/\/www.egemtv.com\/?p=30237","title":{"rendered":"Karacasu\u2019nun yollar\u0131 yenileniyor"},"content":{"rendered":"<p>Ayd\u0131n\u2019\u0131n Karacasu il\u00e7esi genelinde y\u00fcr\u00fct\u00fclen yol yap\u0131m, bak\u0131m ve onar\u0131m \u00e7al\u0131\u015fmalar\u0131 aral\u0131ks\u0131z s\u00fcr\u00fcyor.<\/p>\n<p>Karacasu Belediyesi, il\u00e7e genelindeki yol d\u00fczenleme, bak\u0131m ve yenileme \u00e7al\u0131\u015fmalar\u0131na devam ediyor. Bu \u00e7er\u00e7evede sahaya inen belediye ekipleri de vatanda\u015flar\u0131n daha temiz ve ya\u015fanabilir bir ortamda ya\u015famalar\u0131n\u0131 sa\u011flamak ad\u0131na il\u00e7enin d\u00f6rt bir k\u00f6\u015fesinde \u00e7al\u0131\u015fma ger\u00e7ekle\u015ftiriyor. Yap\u0131lan \u00e7al\u0131\u015fmalar il\u00e7e genelinde hem g\u00f6rsel hem de \u00e7evresel olarak de\u011fi\u015fimler sa\u011flarken, il\u00e7ede yol ve kald\u0131r\u0131m bak\u0131m-onar\u0131m \u00e7al\u0131\u015fmalar\u0131n\u0131 da s\u00fcrd\u00fcren belediye ekipleri, bu \u00e7al\u0131\u015fmalarla trafik g\u00fcvenli\u011fi a\u00e7\u0131s\u0131ndan da iyile\u015ftirmeler sa\u011fl\u0131yor. Karacasu Belediye Ba\u015fkan\u0131 Mustafa B\u00fcy\u00fckyap\u0131c\u0131 yapt\u0131\u011f\u0131 a\u00e7\u0131klamada, &#8220;\u0130l\u00e7emiz genelinde yol ve kald\u0131r\u0131m bak\u0131m-onar\u0131m \u00e7al\u0131\u015fmalar\u0131m\u0131z aral\u0131ks\u0131z devam etmektedir. Hem\u015fehrilerimizin ya\u015fam kalitesini art\u0131rmak i\u00e7in hizmetlerimize \u00f6nem veriyoruz. \u0130l\u00e7e genelinde yapt\u0131\u011f\u0131m\u0131z \u00e7al\u0131\u015fmalarla Karacasu\u2019yu daha modern bir g\u00f6r\u00fcn\u00fcme kavu\u015fturmay\u0131 hedefliyoruz&#8221; dedi.<br \/><\/p>\n","protected":false},"excerpt":{"rendered":"<p>Ayd\u0131n\u2019\u0131n Karacasu il\u00e7esi genelinde y\u00fcr\u00fct\u00fclen yol yap\u0131m, bak\u0131m ve onar\u0131m \u00e7al\u0131\u015fmalar\u0131 aral\u0131ks\u0131z s\u00fcr\u00fcyor. Karacasu Belediyesi, il\u00e7e genelindeki yol d\u00fczenleme, bak\u0131m ve yenileme \u00e7al\u0131\u015fmalar\u0131na devam ediyor. Bu \u00e7er\u00e7evede sahaya inen belediye ekipleri de vatanda\u015flar\u0131n daha temiz ve ya\u015fanabilir bir ortamda ya\u015famalar\u0131n\u0131 sa\u011flamak ad\u0131na il\u00e7enin d\u00f6rt bir k\u00f6\u015fesinde \u00e7al\u0131\u015fma ger\u00e7ekle\u015ftiriyor. Yap\u0131lan \u00e7al\u0131\u015fmalar il\u00e7e genelinde hem g\u00f6rsel hem&#8230;<\/p>\n","protected":false},"author":1,"featured_media":30238,"comment_status":"open","ping_status":"open","sticky":false,"template":"","format":"standard","meta":{"_crdt_document":"","footnotes":""},"categories":[1],"tags":[],"class_list":["post-30237","post","type-post","status-publish","format-standard","has-post-thumbnail","hentry","category-guncel"],"_links":{"self":[{"href":"https:\/\/www.egemtv.com\/index.php?rest_route=\/wp\/v2\/posts\/30237","targetHints":{"allow":["GET"]}}],"collection":[{"href":"https:\/\/www.egemtv.com\/index.php?rest_route=\/wp\/v2\/posts"}],"about":[{"href":"https:\/\/www.egemtv.com\/index.php?rest_route=\/wp\/v2\/types\/post"}],"author":[{"embeddable":true,"href":"https:\/\/www.egemtv.com\/index.php?rest_route=\/wp\/v2\/users\/1"}],"replies":[{"embeddable":true,"href":"https:\/\/www.egemtv.com\/index.php?rest_route=%2Fwp%2Fv2%2Fcomments&post=30237"}],"version-history":[{"count":1,"href":"https:\/\/www.egemtv.com\/index.php?rest_route=\/wp\/v2\/posts\/30237\/revisions"}],"predecessor-version":[{"id":30239,"href":"https:\/\/www.egemtv.com\/index.php?rest_route=\/wp\/v2\/posts\/30237\/revisions\/30239"}],"wp:featuredmedia":[{"embeddable":true,"href":"https:\/\/www.egemtv.com\/index.php?rest_route=\/wp\/v2\/media\/30238"}],"wp:attachment":[{"href":"https:\/\/www.egemtv.com\/index.php?rest_route=%2Fwp%2Fv2%2Fmedia&parent=30237"}],"wp:term":[{"taxonomy":"category","embeddable":true,"href":"https:\/\/www.egemtv.com\/index.php?rest_route=%2Fwp%2Fv2%2Fcategories&post=30237"},{"taxonomy":"post_tag","embeddable":true,"href":"https:\/\/www.egemtv.com\/index.php?rest_route=%2Fwp%2Fv2%2Ftags&post=30237"}],"curies":[{"name":"wp","href":"https:\/\/api.w.org\/{rel}","templated":true}]}}