{"id":30234,"date":"2025-05-20T15:16:22","date_gmt":"2025-05-20T12:16:22","guid":{"rendered":"https:\/\/www.egemtv.com\/?p=30234"},"modified":"2025-05-20T15:16:27","modified_gmt":"2025-05-20T12:16:27","slug":"sokede-yol-yenileme-calismalari-devam-ediyor","status":"publish","type":"post","link":"https:\/\/www.egemtv.com\/?p=30234","title":{"rendered":"S\u00f6ke\u2019de yol yenileme \u00e7al\u0131\u015fmalar\u0131 devam ediyor"},"content":{"rendered":"<p>S\u00f6ke Belediyesi, yol yenileme \u00e7al\u0131\u015fmalar\u0131n\u0131 aral\u0131ks\u0131z s\u00fcrd\u00fcr\u00fcyor. Bu kapsamda, De\u011firmen Caddesi\u2019nde yap\u0131lan yol ve kald\u0131r\u0131m yenileme \u00e7al\u0131\u015fmalar\u0131n\u0131n ard\u0131ndan, caddeye ba\u011flant\u0131l\u0131 ve uzant\u0131s\u0131ndaki sokaklarda da \u00e7al\u0131\u015fmalar ba\u015flat\u0131ld\u0131.<\/p>\n<p>Fen \u0130\u015fleri M\u00fcd\u00fcrl\u00fc\u011f\u00fc ekipleri taraf\u0131ndan y\u00fcr\u00fct\u00fclen \u00e7al\u0131\u015fmalar do\u011frultusunda, De\u011firmen Caddesi ile Y\u00fcksel Yalova Caddesi aras\u0131nda yer alan Alt\u00fcmsek Sokak\u2019ta eski asfalt zeminin s\u00f6k\u00fcm i\u015flemleri ba\u015flad\u0131. K\u0131sa s\u00fcre i\u00e7erisinde bu sokakta da modern kald\u0131r\u0131m ve parke ta\u015f d\u00f6\u015femesi yap\u0131lacak.<br \/>\n<br \/>S\u00f6ke Belediye Ba\u015fkan\u0131 Dr. Mustafa \u0130berya Ar\u0131kan, yol yenileme hamlesinin planlad\u0131klar\u0131 \u015fekilde s\u00fcrd\u00fc\u011f\u00fcn\u00fc s\u00f6yledi. Ba\u015fkan Ar\u0131kan; kent esteti\u011fi ve yaya g\u00fcvenli\u011fini \u00f6n planda tutarak, il\u00e7e genelinde yol ve kald\u0131r\u0131m yenileme \u00e7al\u0131\u015fmalar\u0131n\u0131n program dahilinde devam edece\u011fini belirtti.<br \/><\/p>\n","protected":false},"excerpt":{"rendered":"<p>S\u00f6ke Belediyesi, yol yenileme \u00e7al\u0131\u015fmalar\u0131n\u0131 aral\u0131ks\u0131z s\u00fcrd\u00fcr\u00fcyor. Bu kapsamda, De\u011firmen Caddesi\u2019nde yap\u0131lan yol ve kald\u0131r\u0131m yenileme \u00e7al\u0131\u015fmalar\u0131n\u0131n ard\u0131ndan, caddeye ba\u011flant\u0131l\u0131 ve uzant\u0131s\u0131ndaki sokaklarda da \u00e7al\u0131\u015fmalar ba\u015flat\u0131ld\u0131. Fen \u0130\u015fleri M\u00fcd\u00fcrl\u00fc\u011f\u00fc ekipleri taraf\u0131ndan y\u00fcr\u00fct\u00fclen \u00e7al\u0131\u015fmalar do\u011frultusunda, De\u011firmen Caddesi ile Y\u00fcksel Yalova Caddesi aras\u0131nda yer alan Alt\u00fcmsek Sokak\u2019ta eski asfalt zeminin s\u00f6k\u00fcm i\u015flemleri ba\u015flad\u0131. K\u0131sa s\u00fcre i\u00e7erisinde bu&#8230;<\/p>\n","protected":false},"author":1,"featured_media":30235,"comment_status":"open","ping_status":"open","sticky":false,"template":"","format":"standard","meta":{"_crdt_document":"","footnotes":""},"categories":[1],"tags":[],"class_list":["post-30234","post","type-post","status-publish","format-standard","has-post-thumbnail","hentry","category-guncel"],"_links":{"self":[{"href":"https:\/\/www.egemtv.com\/index.php?rest_route=\/wp\/v2\/posts\/30234","targetHints":{"allow":["GET"]}}],"collection":[{"href":"https:\/\/www.egemtv.com\/index.php?rest_route=\/wp\/v2\/posts"}],"about":[{"href":"https:\/\/www.egemtv.com\/index.php?rest_route=\/wp\/v2\/types\/post"}],"author":[{"embeddable":true,"href":"https:\/\/www.egemtv.com\/index.php?rest_route=\/wp\/v2\/users\/1"}],"replies":[{"embeddable":true,"href":"https:\/\/www.egemtv.com\/index.php?rest_route=%2Fwp%2Fv2%2Fcomments&post=30234"}],"version-history":[{"count":1,"href":"https:\/\/www.egemtv.com\/index.php?rest_route=\/wp\/v2\/posts\/30234\/revisions"}],"predecessor-version":[{"id":30236,"href":"https:\/\/www.egemtv.com\/index.php?rest_route=\/wp\/v2\/posts\/30234\/revisions\/30236"}],"wp:featuredmedia":[{"embeddable":true,"href":"https:\/\/www.egemtv.com\/index.php?rest_route=\/wp\/v2\/media\/30235"}],"wp:attachment":[{"href":"https:\/\/www.egemtv.com\/index.php?rest_route=%2Fwp%2Fv2%2Fmedia&parent=30234"}],"wp:term":[{"taxonomy":"category","embeddable":true,"href":"https:\/\/www.egemtv.com\/index.php?rest_route=%2Fwp%2Fv2%2Fcategories&post=30234"},{"taxonomy":"post_tag","embeddable":true,"href":"https:\/\/www.egemtv.com\/index.php?rest_route=%2Fwp%2Fv2%2Ftags&post=30234"}],"curies":[{"name":"wp","href":"https:\/\/api.w.org\/{rel}","templated":true}]}}