{"id":30231,"date":"2025-05-20T15:16:16","date_gmt":"2025-05-20T12:16:16","guid":{"rendered":"https:\/\/www.egemtv.com\/?p=30231"},"modified":"2025-05-20T15:16:22","modified_gmt":"2025-05-20T12:16:22","slug":"baskan-erkan-ozkan-esnafimizin-sirtina-yeni-bir-yuk-eklenmesin","status":"publish","type":"post","link":"https:\/\/www.egemtv.com\/?p=30231","title":{"rendered":"Ba\u015fkan Erkan \u00d6zkan: &#8220;Esnaf\u0131m\u0131z\u0131n s\u0131rt\u0131na yeni bir y\u00fck eklenmesin&#8221;"},"content":{"rendered":"<p>\u0130zmir \u015eof\u00f6rler ve Otomobilciler Esnaf Odas\u0131 Ba\u015fkan\u0131 Erkan \u00d6zkan, taksi ara\u00e7lar\u0131na yeni nesil yazar kasa-elektronik \u00f6deme kaydedici cihaz (\u00d6KC) tak\u0131lmas\u0131n\u0131 zorunlu k\u0131lan uygulamayla ilgili \u00f6nemli a\u00e7\u0131klamalarda bulundu. \u00d6zkan, bu uygulaman\u0131n kay\u0131t d\u0131\u015f\u0131l\u0131kla m\u00fccadeleyi hedefledi\u011fini ancak sahadaki taksi esnaf\u0131 i\u00e7in ciddi mali ve teknik y\u00fckler getirdi\u011fini vurgulad\u0131.<br \/>\n<br \/>Ba\u015fkan Erkan \u00d6zkan yapt\u0131\u011f\u0131 de\u011ferlendirmede, &#8220;Taksi sahiplerimiz akaryak\u0131t, yedek par\u00e7a, bak\u0131m giderleri, sigorta primleri ve vergi y\u00fck\u00fcml\u00fcl\u00fckleri gibi pek \u00e7ok kalemde zaten ciddi maliyetlerle m\u00fccadele ediyor. \u015eimdi ise binlerce lira tutan cihaz maliyetleri, yaz\u0131l\u0131m g\u00fcncellemeleri, bak\u0131m giderleri ve internet ba\u011flant\u0131s\u0131 zorunlulu\u011fu gibi yeni y\u00fck\u00fcml\u00fcl\u00fckler ortaya \u00e7\u0131km\u0131\u015ft\u0131r. Bu y\u00fck, esnaf\u0131m\u0131z i\u00e7in s\u00fcrd\u00fcr\u00fclemez boyutlara ula\u015fm\u0131\u015ft\u0131r,&#8221; ifadelerini kulland\u0131.<\/p>\n<p>&#8220;Teknik altyap\u0131 eksikli\u011fi cezai riskleri beraberinde getiriyor&#8221;<br \/>\n<br \/>Cihazlar\u0131n sa\u011fl\u0131kl\u0131 \u00e7al\u0131\u015fabilmesi i\u00e7in gerekli olan teknik altyap\u0131n\u0131n her b\u00f6lgede ayn\u0131 kalitede sunulmad\u0131\u011f\u0131n\u0131 belirten \u00d6zkan, bu durumun sistem kesintilerine yol a\u00e7abilece\u011fini, dolay\u0131s\u0131yla hizmetin aksamas\u0131 ve esnaf\u0131n haks\u0131z cezalara maruz kalmas\u0131 riskini ta\u015f\u0131d\u0131\u011f\u0131n\u0131 s\u00f6yledi.<\/p>\n<p>&#8220;Vergi d\u00fczenlemesi \u015fart: KDV y\u00fczde 1\u2019e \u00e7ekilmeli&#8221;<br \/>\n<br \/>Ba\u015fkan \u00d6zkan, uygulaman\u0131n tamamen kald\u0131r\u0131lmas\u0131 m\u00fcmk\u00fcn de\u011filse dahi, en az\u0131ndan taksici esnaf\u0131n\u0131n \u00fczerindeki y\u00fck\u00fcn hafifletilmesi i\u00e7in vergi d\u00fczenlemesi yap\u0131lmas\u0131 gerekti\u011fine dikkat \u00e7ekerek, &#8220;Toplu ta\u015f\u0131ma sekt\u00f6r\u00fcnde oldu\u011fu gibi KDV oran\u0131 y\u00fczde 1\u2019e \u00e7ekilmeli. Bu hem sistemin daha adil hale gelmesini sa\u011flar hem de esnaf\u0131m\u0131za nefes ald\u0131r\u0131r,&#8221; dedi.<\/p>\n<p>&#8220;Taleplerimizi yetkili makamlara ilettik&#8221;<br \/>\n<br \/>\u0130zmir \u015eof\u00f6rler ve Otomobilciler Esnaf Odas\u0131 olarak geli\u015fmeleri yak\u0131ndan takip ettiklerini belirten \u00d6zkan, &#8220;S\u00fcreci \u00f6ncelikle \u0130zmir Esnaf ve Sanatkarlar Odalar\u0131 Birli\u011fi Ba\u015fkan\u0131m\u0131z Say\u0131n Yal\u00e7\u0131n Ata ile payla\u015ft\u0131k. Ard\u0131ndan \u0130zmir milletvekillerimize, T\u00fcrkiye \u015eof\u00f6rler ve Otomobilciler Federasyonu Genel Ba\u015fkan\u0131m\u0131z Say\u0131n Mehmet Yi\u011finer\u2019e ve federasyonumuz arac\u0131l\u0131\u011f\u0131yla ilgili bakanl\u0131klara resmi bilgilendirmelerimizi yapt\u0131k&#8221; diye konu\u015ftu.<\/p>\n<p>&#8220;Korsanla m\u00fccadelede somut ad\u0131mlar at\u0131l\u0131yor&#8221;<br \/>\n<br \/>Korsan ta\u015f\u0131mac\u0131l\u0131kla m\u00fccadeleye de de\u011finen \u00d6zkan, \u0130zmir\u2019den y\u00fckselen sesin Ankara\u2019ya ula\u015ft\u0131\u011f\u0131n\u0131 vurgulayarak, &#8220;TBMM\u2019ye sunulan yasa teklifiyle, korsan ta\u015f\u0131mac\u0131l\u0131k yapanlar\u0131n s\u00fcr\u00fcc\u00fc belgelerinin ilk ihlalde 6 ay, tekrar\u0131nda ise 1 y\u0131l s\u00fcreyle al\u0131nmas\u0131 \u00f6ng\u00f6r\u00fcl\u00fcyor. Bu teklifin bir an \u00f6nce yasala\u015fmas\u0131n\u0131 bekliyoruz,&#8221; dedi. \u00d6zkan, teklifin yasala\u015fmas\u0131 halinde yasal s\u0131n\u0131rlar i\u00e7erisinde \u00e7al\u0131\u015fan binlerce esnaf\u0131n hakk\u0131n\u0131n korunmu\u015f olaca\u011f\u0131n\u0131 belirtti.<br \/>\n<br \/>Ba\u015fkan \u00d6zkan, &#8220;\u0130zmir \u015eof\u00f6rler ve Otomobilciler Esnaf Odas\u0131 olarak biz, 7 g\u00fcn 24 saat, 365 g\u00fcn boyunca esnaf\u0131m\u0131z\u0131n yan\u0131nda olmaya, her platformda onlar\u0131n haklar\u0131n\u0131 savunmaya devam ediyoruz. Bu s\u00fcre\u00e7te att\u0131\u011f\u0131m\u0131z her ad\u0131m\u0131 dikkatle takip ediyor, \u00e7\u00f6z\u00fcm odakl\u0131 temaslar\u0131m\u0131z\u0131 s\u00fcrd\u00fcr\u00fcyoruz,&#8221; ifadeleriyle s\u00f6zlerini tamamlad\u0131.<\/p>\n<p>Ankara\u2019da yo\u011fun temaslar<br \/>\n<br \/>\u0130zmir \u015eof\u00f6rler ve Otomobilciler Esnaf Odas\u0131 Ba\u015fkan\u0131 Erkan \u00d6zkan, T\u00fcrkiye \u015eof\u00f6rler ve Otomobilciler Federasyonu Ba\u015fkanvekilleri Muharrem Karabacak ve Ercan Soyda\u015f ile birlikte, AK Parti Genel Ba\u015fkan Yard\u0131mc\u0131s\u0131 ve Genel Sekreteri Say\u0131n Ey\u00fcp Kadir \u0130nan\u2019\u0131 Ankara\u2019da ziyaret etti. G\u00f6r\u00fc\u015fmede, taksilerde elektronik yazarkasa uygulamas\u0131, korsan ta\u015f\u0131mac\u0131l\u0131kla m\u00fccadele s\u00fcreci ve m\u00fclkiyet hakk\u0131na ili\u015fkin yasa tasar\u0131s\u0131 gibi sekt\u00f6r\u00fcn gelece\u011fini yak\u0131ndan ilgilendiren konular masaya yat\u0131r\u0131ld\u0131. Heyet, sahadan gelen sorunlar\u0131 detaylar\u0131yla aktararak \u00e7\u00f6z\u00fcm \u00f6nerilerini yetkililere iletti.<br \/>\n<br \/>Ziyaretin ard\u0131ndan a\u00e7\u0131klamalarda bulunan Ba\u015fkan Erkan \u00d6zkan, &#8220;Esnaf\u0131m\u0131z\u0131n sesi olmaya, ya\u015fad\u0131\u011f\u0131 sorunlar\u0131 en \u00fcst d\u00fczeyde g\u00fcndeme ta\u015f\u0131maya ve kal\u0131c\u0131 \u00e7\u00f6z\u00fcmler \u00fcretilmesine katk\u0131 sunmaya devam ediyoruz&#8221; dedi.<br \/><\/p>\n","protected":false},"excerpt":{"rendered":"<p>\u0130zmir \u015eof\u00f6rler ve Otomobilciler Esnaf Odas\u0131 Ba\u015fkan\u0131 Erkan \u00d6zkan, taksi ara\u00e7lar\u0131na yeni nesil yazar kasa-elektronik \u00f6deme kaydedici cihaz (\u00d6KC) tak\u0131lmas\u0131n\u0131 zorunlu k\u0131lan uygulamayla ilgili \u00f6nemli a\u00e7\u0131klamalarda bulundu. \u00d6zkan, bu uygulaman\u0131n kay\u0131t d\u0131\u015f\u0131l\u0131kla m\u00fccadeleyi hedefledi\u011fini ancak sahadaki taksi esnaf\u0131 i\u00e7in ciddi mali ve teknik y\u00fckler getirdi\u011fini vurgulad\u0131. Ba\u015fkan Erkan \u00d6zkan yapt\u0131\u011f\u0131 de\u011ferlendirmede, &#8220;Taksi sahiplerimiz akaryak\u0131t, yedek&#8230;<\/p>\n","protected":false},"author":1,"featured_media":30232,"comment_status":"open","ping_status":"open","sticky":false,"template":"","format":"standard","meta":{"_crdt_document":"","footnotes":""},"categories":[1],"tags":[],"class_list":["post-30231","post","type-post","status-publish","format-standard","has-post-thumbnail","hentry","category-guncel"],"_links":{"self":[{"href":"https:\/\/www.egemtv.com\/index.php?rest_route=\/wp\/v2\/posts\/30231","targetHints":{"allow":["GET"]}}],"collection":[{"href":"https:\/\/www.egemtv.com\/index.php?rest_route=\/wp\/v2\/posts"}],"about":[{"href":"https:\/\/www.egemtv.com\/index.php?rest_route=\/wp\/v2\/types\/post"}],"author":[{"embeddable":true,"href":"https:\/\/www.egemtv.com\/index.php?rest_route=\/wp\/v2\/users\/1"}],"replies":[{"embeddable":true,"href":"https:\/\/www.egemtv.com\/index.php?rest_route=%2Fwp%2Fv2%2Fcomments&post=30231"}],"version-history":[{"count":1,"href":"https:\/\/www.egemtv.com\/index.php?rest_route=\/wp\/v2\/posts\/30231\/revisions"}],"predecessor-version":[{"id":30233,"href":"https:\/\/www.egemtv.com\/index.php?rest_route=\/wp\/v2\/posts\/30231\/revisions\/30233"}],"wp:featuredmedia":[{"embeddable":true,"href":"https:\/\/www.egemtv.com\/index.php?rest_route=\/wp\/v2\/media\/30232"}],"wp:attachment":[{"href":"https:\/\/www.egemtv.com\/index.php?rest_route=%2Fwp%2Fv2%2Fmedia&parent=30231"}],"wp:term":[{"taxonomy":"category","embeddable":true,"href":"https:\/\/www.egemtv.com\/index.php?rest_route=%2Fwp%2Fv2%2Fcategories&post=30231"},{"taxonomy":"post_tag","embeddable":true,"href":"https:\/\/www.egemtv.com\/index.php?rest_route=%2Fwp%2Fv2%2Ftags&post=30231"}],"curies":[{"name":"wp","href":"https:\/\/api.w.org\/{rel}","templated":true}]}}