{"id":30228,"date":"2025-05-20T15:16:08","date_gmt":"2025-05-20T12:16:08","guid":{"rendered":"https:\/\/www.egemtv.com\/?p=30228"},"modified":"2025-05-20T15:16:16","modified_gmt":"2025-05-20T12:16:16","slug":"sokeli-3-genc-sporcu-dunya-kupasindan-madalyayla-dondu","status":"publish","type":"post","link":"https:\/\/www.egemtv.com\/?p=30228","title":{"rendered":"S\u00f6keli 3 gen\u00e7 sporcu D\u00fcnya Kupas\u0131\u2019ndan madalyayla d\u00f6nd\u00fc"},"content":{"rendered":"<p>T\u00fcrkiye Kick Boks Federasyonu\u2019nun 2025 y\u0131l\u0131 faaliyet program\u0131nda yer alan ve d\u00fcnyan\u0131n d\u00f6rt bir yan\u0131ndan binlerce sporcuyu bulu\u015fturan Turkish Open WAKO World Cup (T\u00fcrkiye A\u00e7\u0131k WAKO D\u00fcnya Kupas\u0131), 14-18 May\u0131s tarihleri aras\u0131nda Antalya Spor Salonu\u2019nda ger\u00e7ekle\u015ftirilirken, Ayd\u0131n\u2019\u0131n S\u00f6ke il\u00e7esinden kat\u0131lan 3 gen\u00e7 sporcu madalya kazand\u0131.<\/p>\n<p>S\u00f6ke Kick Boks Spor Kul\u00fcb\u00fc Antren\u00f6r\u00fc Kenan S\u0131tac\u0131\u2019n\u0131n \u00f6\u011frencileri, uluslararas\u0131 arenada b\u00fcy\u00fck bir ba\u015far\u0131ya imza atarak hem Ayd\u0131n\u2019a hem T\u00fcrkiye\u2019ye gurur ya\u015fatt\u0131. B\u00fcy\u00fck Kad\u0131nlar Low Kick +70 kg kategorisinde m\u00fccadele eden \u00d6zge G\u00fcder, rakip tan\u0131mad\u0131. G\u00f6stermi\u015f oldu\u011fu \u00fcst\u00fcn performansla zirveye oturan G\u00fcder, D\u00fcnya \u015eampiyonu unvan\u0131n\u0131 bir kez daha kazand\u0131. Gen\u00e7 Kad\u0131nlar Low Kick 60 kg kategorisinde Nehir Hopac\u0131 \u00fc\u00e7\u00fcnc\u00fcl\u00fc\u011f\u00fc elde ederek bronz madalyaya uzan\u0131rken, Full Contact 54 kg kategorisinde m\u00fccadele eden Baran Geraslan da \u00fc\u00e7\u00fcnc\u00fcl\u00fck k\u00fcrs\u00fcs\u00fcne \u00e7\u0131karak b\u00fcy\u00fck alk\u0131\u015f toplad\u0131.<br \/>\n<br \/>Sporcular\u0131n\u0131n ba\u015far\u0131lar\u0131ndan duydu\u011fu gururu dile getiren Antren\u00f6r Kenan S\u0131tac\u0131, &#8220;Uluslararas\u0131 arenada g\u00f6stermi\u015f olduklar\u0131 \u00fcst\u00fcn performanstan dolay\u0131 \u00f6\u011frencilerimi y\u00fcrekten tebrik ediyorum. Bu ba\u015far\u0131lar, disiplinli \u00e7al\u0131\u015fman\u0131n ve inanc\u0131n sonucudur&#8221; dedi.<br \/><\/p>\n","protected":false},"excerpt":{"rendered":"<p>T\u00fcrkiye Kick Boks Federasyonu\u2019nun 2025 y\u0131l\u0131 faaliyet program\u0131nda yer alan ve d\u00fcnyan\u0131n d\u00f6rt bir yan\u0131ndan binlerce sporcuyu bulu\u015fturan Turkish Open WAKO World Cup (T\u00fcrkiye A\u00e7\u0131k WAKO D\u00fcnya Kupas\u0131), 14-18 May\u0131s tarihleri aras\u0131nda Antalya Spor Salonu\u2019nda ger\u00e7ekle\u015ftirilirken, Ayd\u0131n\u2019\u0131n S\u00f6ke il\u00e7esinden kat\u0131lan 3 gen\u00e7 sporcu madalya kazand\u0131. S\u00f6ke Kick Boks Spor Kul\u00fcb\u00fc Antren\u00f6r\u00fc Kenan S\u0131tac\u0131\u2019n\u0131n \u00f6\u011frencileri, uluslararas\u0131&#8230;<\/p>\n","protected":false},"author":1,"featured_media":30229,"comment_status":"open","ping_status":"open","sticky":false,"template":"","format":"standard","meta":{"_crdt_document":"","footnotes":""},"categories":[4],"tags":[],"class_list":["post-30228","post","type-post","status-publish","format-standard","has-post-thumbnail","hentry","category-spor"],"_links":{"self":[{"href":"https:\/\/www.egemtv.com\/index.php?rest_route=\/wp\/v2\/posts\/30228","targetHints":{"allow":["GET"]}}],"collection":[{"href":"https:\/\/www.egemtv.com\/index.php?rest_route=\/wp\/v2\/posts"}],"about":[{"href":"https:\/\/www.egemtv.com\/index.php?rest_route=\/wp\/v2\/types\/post"}],"author":[{"embeddable":true,"href":"https:\/\/www.egemtv.com\/index.php?rest_route=\/wp\/v2\/users\/1"}],"replies":[{"embeddable":true,"href":"https:\/\/www.egemtv.com\/index.php?rest_route=%2Fwp%2Fv2%2Fcomments&post=30228"}],"version-history":[{"count":1,"href":"https:\/\/www.egemtv.com\/index.php?rest_route=\/wp\/v2\/posts\/30228\/revisions"}],"predecessor-version":[{"id":30230,"href":"https:\/\/www.egemtv.com\/index.php?rest_route=\/wp\/v2\/posts\/30228\/revisions\/30230"}],"wp:featuredmedia":[{"embeddable":true,"href":"https:\/\/www.egemtv.com\/index.php?rest_route=\/wp\/v2\/media\/30229"}],"wp:attachment":[{"href":"https:\/\/www.egemtv.com\/index.php?rest_route=%2Fwp%2Fv2%2Fmedia&parent=30228"}],"wp:term":[{"taxonomy":"category","embeddable":true,"href":"https:\/\/www.egemtv.com\/index.php?rest_route=%2Fwp%2Fv2%2Fcategories&post=30228"},{"taxonomy":"post_tag","embeddable":true,"href":"https:\/\/www.egemtv.com\/index.php?rest_route=%2Fwp%2Fv2%2Ftags&post=30228"}],"curies":[{"name":"wp","href":"https:\/\/api.w.org\/{rel}","templated":true}]}}