{"id":30129,"date":"2025-05-20T10:55:58","date_gmt":"2025-05-20T07:55:58","guid":{"rendered":"https:\/\/www.egemtv.com\/?p=30129"},"modified":"2025-05-20T10:56:03","modified_gmt":"2025-05-20T07:56:03","slug":"aydinda-hava-sicakliklarinda-artis-yasanacak","status":"publish","type":"post","link":"https:\/\/www.egemtv.com\/?p=30129","title":{"rendered":"Ayd\u0131n\u2019da hava s\u0131cakl\u0131klar\u0131nda art\u0131\u015f ya\u015fanacak"},"content":{"rendered":"<p>Ayd\u0131n\u2019da bug\u00fcnden itibaren hava s\u0131cakl\u0131klar\u0131nda art\u0131\u015f ya\u015fanmas\u0131 bekleniyor.<br \/>\n<br \/>Ayd\u0131n\u2019da bir s\u00fcredir devam eden serin hava, yerini s\u0131cak havaya b\u0131rakacak. Bug\u00fcnden itibaren b\u00f6lgede hava s\u0131cakl\u0131klar\u0131nda belirgin bir art\u0131\u015f ya\u015fanacak. Ayd\u0131n\u2019da havan\u0131n bug\u00fcn 31, yar\u0131n 34, Per\u015fembe 36, Cuma 35, Cumartesi ise 37 derece olmas\u0131 bekleniyor. Hafta boyunca ya\u011f\u0131\u015f beklenmeyen Ayd\u0131n\u2019da az bulutlu ve a\u00e7\u0131k hava etkili olacak.<br \/><\/p>\n","protected":false},"excerpt":{"rendered":"<p>Ayd\u0131n\u2019da bug\u00fcnden itibaren hava s\u0131cakl\u0131klar\u0131nda art\u0131\u015f ya\u015fanmas\u0131 bekleniyor. Ayd\u0131n\u2019da bir s\u00fcredir devam eden serin hava, yerini s\u0131cak havaya b\u0131rakacak. Bug\u00fcnden itibaren b\u00f6lgede hava s\u0131cakl\u0131klar\u0131nda belirgin bir art\u0131\u015f ya\u015fanacak. Ayd\u0131n\u2019da havan\u0131n bug\u00fcn 31, yar\u0131n 34, Per\u015fembe 36, Cuma 35, Cumartesi ise 37 derece olmas\u0131 bekleniyor. Hafta boyunca ya\u011f\u0131\u015f beklenmeyen Ayd\u0131n\u2019da az bulutlu ve a\u00e7\u0131k hava etkili&#8230;<\/p>\n","protected":false},"author":1,"featured_media":30130,"comment_status":"open","ping_status":"open","sticky":false,"template":"","format":"standard","meta":{"_crdt_document":"","footnotes":""},"categories":[1],"tags":[],"class_list":["post-30129","post","type-post","status-publish","format-standard","has-post-thumbnail","hentry","category-guncel"],"_links":{"self":[{"href":"https:\/\/www.egemtv.com\/index.php?rest_route=\/wp\/v2\/posts\/30129","targetHints":{"allow":["GET"]}}],"collection":[{"href":"https:\/\/www.egemtv.com\/index.php?rest_route=\/wp\/v2\/posts"}],"about":[{"href":"https:\/\/www.egemtv.com\/index.php?rest_route=\/wp\/v2\/types\/post"}],"author":[{"embeddable":true,"href":"https:\/\/www.egemtv.com\/index.php?rest_route=\/wp\/v2\/users\/1"}],"replies":[{"embeddable":true,"href":"https:\/\/www.egemtv.com\/index.php?rest_route=%2Fwp%2Fv2%2Fcomments&post=30129"}],"version-history":[{"count":1,"href":"https:\/\/www.egemtv.com\/index.php?rest_route=\/wp\/v2\/posts\/30129\/revisions"}],"predecessor-version":[{"id":30131,"href":"https:\/\/www.egemtv.com\/index.php?rest_route=\/wp\/v2\/posts\/30129\/revisions\/30131"}],"wp:featuredmedia":[{"embeddable":true,"href":"https:\/\/www.egemtv.com\/index.php?rest_route=\/wp\/v2\/media\/30130"}],"wp:attachment":[{"href":"https:\/\/www.egemtv.com\/index.php?rest_route=%2Fwp%2Fv2%2Fmedia&parent=30129"}],"wp:term":[{"taxonomy":"category","embeddable":true,"href":"https:\/\/www.egemtv.com\/index.php?rest_route=%2Fwp%2Fv2%2Fcategories&post=30129"},{"taxonomy":"post_tag","embeddable":true,"href":"https:\/\/www.egemtv.com\/index.php?rest_route=%2Fwp%2Fv2%2Ftags&post=30129"}],"curies":[{"name":"wp","href":"https:\/\/api.w.org\/{rel}","templated":true}]}}