{"id":30126,"date":"2025-05-20T10:55:52","date_gmt":"2025-05-20T07:55:52","guid":{"rendered":"https:\/\/www.egemtv.com\/?p=30126"},"modified":"2025-05-20T10:55:58","modified_gmt":"2025-05-20T07:55:58","slug":"emekli-memur-hosuna-giden-her-objenin-minyaturunu-yapiyor","status":"publish","type":"post","link":"https:\/\/www.egemtv.com\/?p=30126","title":{"rendered":"Emekli memur, ho\u015funa giden her objenin minyat\u00fcr\u00fcn\u00fc yap\u0131yor"},"content":{"rendered":"<p>Emekli olduktan sonra maket ve minyat\u00fcr eserler yapmaya ba\u015flayan sanat\u00e7\u0131n\u0131n yapt\u0131\u011f\u0131 eserler g\u00f6renleri hayran b\u0131rak\u0131yor.<br \/>\n<br \/>Afyonkarahisar\u2019da ger\u00e7ekle\u015ftirilen Ya\u015fayan Miras Festivali\u2019ne kat\u0131lan maket ve minyat\u00fcr sanat\u00e7\u0131s\u0131 Hasan \u015eenyi\u011fit eserleri ile kat\u0131l\u0131mc\u0131lar\u0131n ilgi oda\u011f\u0131 oldu. \u015eenyi\u011fit, k\u00f6y evleri ile birlikte eski d\u00f6nemlerdeki okullar\u0131n s\u0131n\u0131flar\u0131n\u0131, \u00f6k\u00fcz arabalar\u0131 gibi bir \u00e7ok objeyi minyat\u00fcr olarak yapabiliyor. Sanat\u0131n\u0131 \u0130hlas Haber Ajans\u0131 (\u0130HA) muhabirine anlatan \u015eenyi\u011fit, eserlere olan ilgiden memnun oldu\u011funu ifade etti. \u015eenyi\u011fit, &#8220;Bu sanata emekli olduktan sonra ba\u015flad\u0131m. Bu kadar iyi yapabildi\u011fimi de bilmiyordum. G\u00f6rd\u00fc\u011f\u00fcm\u00fcz\u00fc ve eskiden ya\u015fad\u0131\u011f\u0131m ortamlardaki objeleri yap\u0131yorum. K\u0131sacas\u0131 hat\u0131rlad\u0131klar\u0131m\u0131 yap\u0131yorum. Belli bir \u00f6l\u00e7ek kullanm\u0131yorum, kendim \u00f6l\u00e7eklendiriyorum. Maketler b\u00fcy\u00fckl\u00fc\u011f\u00fc ve detay\u0131na g\u00f6re 15 g\u00fcn ila 1 ay s\u00fcr\u00fcyor&#8221; diye konu\u015ftu.<br \/><\/p>\n","protected":false},"excerpt":{"rendered":"<p>Emekli olduktan sonra maket ve minyat\u00fcr eserler yapmaya ba\u015flayan sanat\u00e7\u0131n\u0131n yapt\u0131\u011f\u0131 eserler g\u00f6renleri hayran b\u0131rak\u0131yor. Afyonkarahisar\u2019da ger\u00e7ekle\u015ftirilen Ya\u015fayan Miras Festivali\u2019ne kat\u0131lan maket ve minyat\u00fcr sanat\u00e7\u0131s\u0131 Hasan \u015eenyi\u011fit eserleri ile kat\u0131l\u0131mc\u0131lar\u0131n ilgi oda\u011f\u0131 oldu. \u015eenyi\u011fit, k\u00f6y evleri ile birlikte eski d\u00f6nemlerdeki okullar\u0131n s\u0131n\u0131flar\u0131n\u0131, \u00f6k\u00fcz arabalar\u0131 gibi bir \u00e7ok objeyi minyat\u00fcr olarak yapabiliyor. Sanat\u0131n\u0131 \u0130hlas Haber Ajans\u0131&#8230;<\/p>\n","protected":false},"author":1,"featured_media":30127,"comment_status":"open","ping_status":"open","sticky":false,"template":"","format":"standard","meta":{"_crdt_document":"","footnotes":""},"categories":[123],"tags":[],"class_list":["post-30126","post","type-post","status-publish","format-standard","has-post-thumbnail","hentry","category-gundem"],"_links":{"self":[{"href":"https:\/\/www.egemtv.com\/index.php?rest_route=\/wp\/v2\/posts\/30126","targetHints":{"allow":["GET"]}}],"collection":[{"href":"https:\/\/www.egemtv.com\/index.php?rest_route=\/wp\/v2\/posts"}],"about":[{"href":"https:\/\/www.egemtv.com\/index.php?rest_route=\/wp\/v2\/types\/post"}],"author":[{"embeddable":true,"href":"https:\/\/www.egemtv.com\/index.php?rest_route=\/wp\/v2\/users\/1"}],"replies":[{"embeddable":true,"href":"https:\/\/www.egemtv.com\/index.php?rest_route=%2Fwp%2Fv2%2Fcomments&post=30126"}],"version-history":[{"count":1,"href":"https:\/\/www.egemtv.com\/index.php?rest_route=\/wp\/v2\/posts\/30126\/revisions"}],"predecessor-version":[{"id":30128,"href":"https:\/\/www.egemtv.com\/index.php?rest_route=\/wp\/v2\/posts\/30126\/revisions\/30128"}],"wp:featuredmedia":[{"embeddable":true,"href":"https:\/\/www.egemtv.com\/index.php?rest_route=\/wp\/v2\/media\/30127"}],"wp:attachment":[{"href":"https:\/\/www.egemtv.com\/index.php?rest_route=%2Fwp%2Fv2%2Fmedia&parent=30126"}],"wp:term":[{"taxonomy":"category","embeddable":true,"href":"https:\/\/www.egemtv.com\/index.php?rest_route=%2Fwp%2Fv2%2Fcategories&post=30126"},{"taxonomy":"post_tag","embeddable":true,"href":"https:\/\/www.egemtv.com\/index.php?rest_route=%2Fwp%2Fv2%2Ftags&post=30126"}],"curies":[{"name":"wp","href":"https:\/\/api.w.org\/{rel}","templated":true}]}}