{"id":30117,"date":"2025-05-20T10:37:44","date_gmt":"2025-05-20T07:37:44","guid":{"rendered":"https:\/\/www.egemtv.com\/?p=30117"},"modified":"2025-05-20T10:37:48","modified_gmt":"2025-05-20T07:37:48","slug":"maskide-iso-50001-enerji-yonetim-sistemi-sureci-basladi","status":"publish","type":"post","link":"https:\/\/www.egemtv.com\/?p=30117","title":{"rendered":"MASK\u0130\u2019de ISO 50001 Enerji Y\u00f6netim Sistemi s\u00fcreci ba\u015flad\u0131"},"content":{"rendered":"<p>Manisa B\u00fcy\u00fck\u015fehir Belediyesi, t\u00fcm kurumlar\u0131nda enerji verimlili\u011fini art\u0131rmak ve s\u00fcrd\u00fcr\u00fclebilir enerji y\u00f6netimini kurumsal yap\u0131ya entegre etmek amac\u0131yla \u00e7al\u0131\u015fmalar\u0131n\u0131 s\u00fcrd\u00fcr\u00fcyor. Bu kapsamda, Manisa Su ve Kanalizasyon \u0130daresi (MASK\u0130) Genel M\u00fcd\u00fcrl\u00fc\u011f\u00fc, ISO 50001 Enerji Y\u00f6netim Sistemi belgelendirme s\u00fcrecini ba\u015flatt\u0131.<br \/>\n<br \/>Enerji verimlili\u011fi konusunda \u00f6rnek bir anlay\u0131\u015f sergileyen MASK\u0130 Genel M\u00fcd\u00fcrl\u00fc\u011f\u00fc\u2019nde, Genel M\u00fcd\u00fcr Talat Postac\u0131 ba\u015fkanl\u0131\u011f\u0131nda ISO 50001 bilgilendirme toplant\u0131s\u0131 ger\u00e7ekle\u015ftirildi. D\u00fczenlenen toplant\u0131ya, MASK\u0130 Genel M\u00fcd\u00fcr Yard\u0131mc\u0131lar\u0131 B\u00fclent \u00c7amur, Bircan Kaynak, daire ba\u015fkanlar\u0131 ve teknik personel de kat\u0131ld\u0131. Toplant\u0131da, ISO 50001 standard\u0131n\u0131n kapsam\u0131, belgelendirme s\u00fcreci, kuruma sa\u011flayaca\u011f\u0131 katk\u0131lar ve uygulanacak y\u00f6ntemler hakk\u0131nda detayl\u0131 bilgiler verildi.<br \/>\n<br \/>Ayr\u0131ca, enerji y\u00f6netim sisteminin kurum genelinde verimli bir \u015fekilde uygulanmas\u0131, enerji t\u00fcketiminin izlenmesi, hedeflerin belirlenmesi ve s\u00fcrekli iyile\u015ftirme ad\u0131mlar\u0131n\u0131n at\u0131lmas\u0131 konular\u0131nda sunum ger\u00e7ekle\u015ftirdi. MASK\u0130 Genel M\u00fcd\u00fcr\u00fc Talat Postac\u0131, enerji y\u00f6netim sisteminin kurumsal s\u00fcrd\u00fcr\u00fclebilirlik hedeflerine \u00f6nemli katk\u0131 sa\u011flayaca\u011f\u0131n\u0131 ifade ederek, bu s\u00fcreci t\u00fcm birimlerin i\u015f birli\u011fiyle ba\u015far\u0131l\u0131 \u015fekilde tamamlamay\u0131 hedeflediklerini belirtti.<br \/><\/p>\n","protected":false},"excerpt":{"rendered":"<p>Manisa B\u00fcy\u00fck\u015fehir Belediyesi, t\u00fcm kurumlar\u0131nda enerji verimlili\u011fini art\u0131rmak ve s\u00fcrd\u00fcr\u00fclebilir enerji y\u00f6netimini kurumsal yap\u0131ya entegre etmek amac\u0131yla \u00e7al\u0131\u015fmalar\u0131n\u0131 s\u00fcrd\u00fcr\u00fcyor. Bu kapsamda, Manisa Su ve Kanalizasyon \u0130daresi (MASK\u0130) Genel M\u00fcd\u00fcrl\u00fc\u011f\u00fc, ISO 50001 Enerji Y\u00f6netim Sistemi belgelendirme s\u00fcrecini ba\u015flatt\u0131. Enerji verimlili\u011fi konusunda \u00f6rnek bir anlay\u0131\u015f sergileyen MASK\u0130 Genel M\u00fcd\u00fcrl\u00fc\u011f\u00fc\u2019nde, Genel M\u00fcd\u00fcr Talat Postac\u0131 ba\u015fkanl\u0131\u011f\u0131nda ISO 50001 bilgilendirme&#8230;<\/p>\n","protected":false},"author":1,"featured_media":30118,"comment_status":"open","ping_status":"open","sticky":false,"template":"","format":"standard","meta":{"_crdt_document":"","footnotes":""},"categories":[125],"tags":[],"class_list":["post-30117","post","type-post","status-publish","format-standard","has-post-thumbnail","hentry","category-ekonomi"],"_links":{"self":[{"href":"https:\/\/www.egemtv.com\/index.php?rest_route=\/wp\/v2\/posts\/30117","targetHints":{"allow":["GET"]}}],"collection":[{"href":"https:\/\/www.egemtv.com\/index.php?rest_route=\/wp\/v2\/posts"}],"about":[{"href":"https:\/\/www.egemtv.com\/index.php?rest_route=\/wp\/v2\/types\/post"}],"author":[{"embeddable":true,"href":"https:\/\/www.egemtv.com\/index.php?rest_route=\/wp\/v2\/users\/1"}],"replies":[{"embeddable":true,"href":"https:\/\/www.egemtv.com\/index.php?rest_route=%2Fwp%2Fv2%2Fcomments&post=30117"}],"version-history":[{"count":1,"href":"https:\/\/www.egemtv.com\/index.php?rest_route=\/wp\/v2\/posts\/30117\/revisions"}],"predecessor-version":[{"id":30119,"href":"https:\/\/www.egemtv.com\/index.php?rest_route=\/wp\/v2\/posts\/30117\/revisions\/30119"}],"wp:featuredmedia":[{"embeddable":true,"href":"https:\/\/www.egemtv.com\/index.php?rest_route=\/wp\/v2\/media\/30118"}],"wp:attachment":[{"href":"https:\/\/www.egemtv.com\/index.php?rest_route=%2Fwp%2Fv2%2Fmedia&parent=30117"}],"wp:term":[{"taxonomy":"category","embeddable":true,"href":"https:\/\/www.egemtv.com\/index.php?rest_route=%2Fwp%2Fv2%2Fcategories&post=30117"},{"taxonomy":"post_tag","embeddable":true,"href":"https:\/\/www.egemtv.com\/index.php?rest_route=%2Fwp%2Fv2%2Ftags&post=30117"}],"curies":[{"name":"wp","href":"https:\/\/api.w.org\/{rel}","templated":true}]}}