{"id":30114,"date":"2025-05-20T10:37:36","date_gmt":"2025-05-20T07:37:36","guid":{"rendered":"https:\/\/www.egemtv.com\/?p=30114"},"modified":"2025-05-20T10:37:44","modified_gmt":"2025-05-20T07:37:44","slug":"muglanin-su-urunleri-ihracati-1-milyar-dolara-yaklasti","status":"publish","type":"post","link":"https:\/\/www.egemtv.com\/?p=30114","title":{"rendered":"Mu\u011fla\u2019n\u0131n su \u00fcr\u00fcnleri ihracat\u0131 1 milyar dolara yakla\u015ft\u0131"},"content":{"rendered":"<p>Su \u00fcr\u00fcnleri \u00fcretimi ve ihracat\u0131nda T\u00fcrkiye\u2019nin ba\u015fkenti Mu\u011fla, 2024 y\u0131l\u0131nda 815 milyon dolar ihracata imza att\u0131. Ege Su \u00dcr\u00fcnleri ve Hayvansal Mamuller \u0130hracat\u00e7\u0131lar\u0131 Birli\u011fi Ba\u015fkan\u0131 Sinan K\u0131z\u0131ltan, sekt\u00f6r\u00fcn yak\u0131n zamanda 1 milyar dolar ihracat\u0131 a\u015facak potansiyele sahip oldu\u011funu dile getirdi.<br \/>\n<br \/>Ege \u0130hracat\u00e7\u0131 Birlikleri\u2019nin Mu\u011fla\u2019da d\u00fczenledi\u011fi \u2018\u0130\u015f D\u00fcnyas\u0131 Bulu\u015fmalar\u0131-Mu\u011fla\u2019 toplant\u0131s\u0131nda konu\u015fan Ege Su \u00dcr\u00fcnleri ve Hayvansal Mamuller \u0130hracat\u00e7\u0131lar\u0131 Birli\u011fi Ba\u015fkan\u0131 Bedri Girit, Mu\u011fla\u2019n\u0131n 2024 y\u0131l\u0131nda 397 milyon dolarl\u0131k ithalata kar\u015f\u0131l\u0131k 1 milyar 296 milyon dolar ihracat yapt\u0131\u011f\u0131 bilgisini verdi. Girit, &#8220;Mu\u011fla her 100 dolarl\u0131k ithalata kar\u015f\u0131l\u0131k 326 milyon dolar ihracat yapm\u0131\u015f. Mu\u011flal\u0131 ihracat\u00e7\u0131lar\u0131m\u0131z\u0131 kutluyoruz, bu ba\u015far\u0131lar\u0131n\u0131n daha yukar\u0131 \u00e7\u0131kmas\u0131 i\u00e7in devlet desteklerini daha etkin kullanmalar\u0131 i\u00e7in devlet destekleri konusunda kendilerini bilgilendirmeye geldik&#8221; diye konu\u015ftu.<br \/>\n<br \/>Mu\u011fla\u2019n\u0131n su \u00fcr\u00fcnleri ihracat\u0131 yan\u0131nda \u00e7am bal\u0131 \u00fcretimi ve ihracat\u0131nda da \u00f6ne \u00e7\u0131kt\u0131\u011f\u0131n\u0131 vurgulayan Girit, \u015f\u00f6yle devam etti: &#8220;Mu\u011fla ayn\u0131 zamanda \u00f6nemli bir madencilik merkezi. \u2019Mu\u011fla Beyaz\u0131\u2019 t\u00fcm d\u00fcnyada tercih edilen bir mermer \u00e7e\u015fidimiz. Mu\u011fla, 2024 y\u0131l\u0131nda 122 milyon dolarl\u0131k maden ihracat\u0131 ger\u00e7ekle\u015ftirdi. Madencilik sekt\u00f6r\u00fc, Mu\u011fla\u2019n\u0131n ihracat\u0131nda ikinci b\u00fcy\u00fck sekt\u00f6r oldu. T\u00fcrkiye\u2019nin \u00f6nemli narenciye \u00fcretim merkezlerinden Mu\u011fla\u2019da 2024 y\u0131l\u0131nda 36,5 milyon dolarl\u0131k ya\u015f meyve sebze ihracat\u0131na imza at\u0131ld\u0131. Mu\u011fla\u2019n\u0131n ihracat\u0131na gemi yat sekt\u00f6r\u00fcm\u00fcz 34 milyon dolar, hububat bakliyat ya\u011fl\u0131 tohumlar sekt\u00f6r\u00fcm\u00fcz 32 milyon dolar katk\u0131 sa\u011flad\u0131lar&#8221; dedi.<br \/><\/p>\n","protected":false},"excerpt":{"rendered":"<p>Su \u00fcr\u00fcnleri \u00fcretimi ve ihracat\u0131nda T\u00fcrkiye\u2019nin ba\u015fkenti Mu\u011fla, 2024 y\u0131l\u0131nda 815 milyon dolar ihracata imza att\u0131. Ege Su \u00dcr\u00fcnleri ve Hayvansal Mamuller \u0130hracat\u00e7\u0131lar\u0131 Birli\u011fi Ba\u015fkan\u0131 Sinan K\u0131z\u0131ltan, sekt\u00f6r\u00fcn yak\u0131n zamanda 1 milyar dolar ihracat\u0131 a\u015facak potansiyele sahip oldu\u011funu dile getirdi. Ege \u0130hracat\u00e7\u0131 Birlikleri\u2019nin Mu\u011fla\u2019da d\u00fczenledi\u011fi \u2018\u0130\u015f D\u00fcnyas\u0131 Bulu\u015fmalar\u0131-Mu\u011fla\u2019 toplant\u0131s\u0131nda konu\u015fan Ege Su \u00dcr\u00fcnleri ve Hayvansal&#8230;<\/p>\n","protected":false},"author":1,"featured_media":30115,"comment_status":"open","ping_status":"open","sticky":false,"template":"","format":"standard","meta":{"_crdt_document":"","footnotes":""},"categories":[125],"tags":[],"class_list":["post-30114","post","type-post","status-publish","format-standard","has-post-thumbnail","hentry","category-ekonomi"],"_links":{"self":[{"href":"https:\/\/www.egemtv.com\/index.php?rest_route=\/wp\/v2\/posts\/30114","targetHints":{"allow":["GET"]}}],"collection":[{"href":"https:\/\/www.egemtv.com\/index.php?rest_route=\/wp\/v2\/posts"}],"about":[{"href":"https:\/\/www.egemtv.com\/index.php?rest_route=\/wp\/v2\/types\/post"}],"author":[{"embeddable":true,"href":"https:\/\/www.egemtv.com\/index.php?rest_route=\/wp\/v2\/users\/1"}],"replies":[{"embeddable":true,"href":"https:\/\/www.egemtv.com\/index.php?rest_route=%2Fwp%2Fv2%2Fcomments&post=30114"}],"version-history":[{"count":1,"href":"https:\/\/www.egemtv.com\/index.php?rest_route=\/wp\/v2\/posts\/30114\/revisions"}],"predecessor-version":[{"id":30116,"href":"https:\/\/www.egemtv.com\/index.php?rest_route=\/wp\/v2\/posts\/30114\/revisions\/30116"}],"wp:featuredmedia":[{"embeddable":true,"href":"https:\/\/www.egemtv.com\/index.php?rest_route=\/wp\/v2\/media\/30115"}],"wp:attachment":[{"href":"https:\/\/www.egemtv.com\/index.php?rest_route=%2Fwp%2Fv2%2Fmedia&parent=30114"}],"wp:term":[{"taxonomy":"category","embeddable":true,"href":"https:\/\/www.egemtv.com\/index.php?rest_route=%2Fwp%2Fv2%2Fcategories&post=30114"},{"taxonomy":"post_tag","embeddable":true,"href":"https:\/\/www.egemtv.com\/index.php?rest_route=%2Fwp%2Fv2%2Ftags&post=30114"}],"curies":[{"name":"wp","href":"https:\/\/api.w.org\/{rel}","templated":true}]}}