{"id":30111,"date":"2025-05-20T10:37:32","date_gmt":"2025-05-20T07:37:32","guid":{"rendered":"https:\/\/www.egemtv.com\/?p=30111"},"modified":"2025-05-20T10:37:36","modified_gmt":"2025-05-20T07:37:36","slug":"tutun-iscilerini-tasiyan-otomobil-hafif-ticari-aracla-kafa-kafaya-carpisti-6-yarali","status":"publish","type":"post","link":"https:\/\/www.egemtv.com\/?p=30111","title":{"rendered":"T\u00fct\u00fcn i\u015f\u00e7ilerini ta\u015f\u0131yan otomobil, hafif ticari ara\u00e7la kafa kafaya \u00e7arp\u0131\u015ft\u0131; 6 yaral\u0131"},"content":{"rendered":"<p>Denizli\u2019nin Kale il\u00e7esinde t\u00fct\u00fcn i\u015f\u00e7ilerini ta\u015f\u0131yan otomobilin hafif ticari arac\u0131n kafa kafaya \u00e7arp\u0131\u015fmas\u0131 sonucu meydana gelen trafik kazas\u0131nda 6 i\u015f\u00e7i yaraland\u0131.<\/p>\n<p>Kaza, sabah saat 07.00 sular\u0131nda Kale Sanayi Sitesi mevkiinde meydana geldi. Edinilen bilgilere g\u00f6re; t\u00fct\u00fcn i\u015f\u00e7ilerini ta\u015f\u0131yan 20 AZ 369 plakal\u0131 Tofa\u015f marka otomobil kontrols\u00fcz bir \u015fekilde tali yoldan \u00e7evre yoluna \u00e7\u0131kt\u0131. O esnada \u00e7evre yolunda seyir halinde olan 09 E 9411 plakal\u0131 hafif ticari ara\u00e7 ile kafa kafaya \u00e7arp\u0131\u015ft\u0131. \u00c7arp\u0131\u015fman\u0131n etkisiyle 20 AZ 369 plakal\u0131 ara\u00e7 takla atarak devrildi. Kazada her iki ara\u00e7 da hurdaya d\u00f6nd\u00fc. Kazay\u0131 g\u00f6ren \u00e7evredeki vatanda\u015flar\u0131n ihbar\u0131 \u00fczerine b\u00f6lgeye jandarma, polis, itfaiye ve sa\u011fl\u0131k ekipleri sevk edildi.<\/p>\n<p>Olay yerine gelen itfaiye ekipleri ara\u00e7larda s\u0131k\u0131\u015fan yaral\u0131lar\u0131 kurtararak sa\u011fl\u0131k ekiplerine teslim etti. Sa\u011fl\u0131k ekipleri olay yerinde yapt\u0131klar\u0131 ilk m\u00fcdahalelerin ard\u0131ndan 6 yaral\u0131y\u0131 ambulanslarla Denizli Devlet Hastanesine sevk etti. Kaza sonucu polis ekipleri kontrol ama\u00e7l\u0131 bir s\u00fcreli\u011fine yolu trafi\u011fe kapatt\u0131. \u00c7ekicilerin 2 arac\u0131 kald\u0131rmas\u0131 sonucu yol kontroll\u00fc bir \u015fekilde trafi\u011fe a\u00e7\u0131ld\u0131.<\/p>\n<p>Hastaneye kald\u0131r\u0131lan 6 yaral\u0131n\u0131n 4\u2019\u00fcn\u00fcn durumu a\u011f\u0131r oldu\u011fu \u00f6\u011frenildi. Kaza ile ilgili soru\u015fturma ba\u015flat\u0131ld\u0131.<br \/><\/p>\n","protected":false},"excerpt":{"rendered":"<p>Denizli\u2019nin Kale il\u00e7esinde t\u00fct\u00fcn i\u015f\u00e7ilerini ta\u015f\u0131yan otomobilin hafif ticari arac\u0131n kafa kafaya \u00e7arp\u0131\u015fmas\u0131 sonucu meydana gelen trafik kazas\u0131nda 6 i\u015f\u00e7i yaraland\u0131. Kaza, sabah saat 07.00 sular\u0131nda Kale Sanayi Sitesi mevkiinde meydana geldi. Edinilen bilgilere g\u00f6re; t\u00fct\u00fcn i\u015f\u00e7ilerini ta\u015f\u0131yan 20 AZ 369 plakal\u0131 Tofa\u015f marka otomobil kontrols\u00fcz bir \u015fekilde tali yoldan \u00e7evre yoluna \u00e7\u0131kt\u0131. O esnada&#8230;<\/p>\n","protected":false},"author":1,"featured_media":30112,"comment_status":"open","ping_status":"open","sticky":false,"template":"","format":"standard","meta":{"_crdt_document":"","footnotes":""},"categories":[5],"tags":[],"class_list":["post-30111","post","type-post","status-publish","format-standard","has-post-thumbnail","hentry","category-asayis"],"_links":{"self":[{"href":"https:\/\/www.egemtv.com\/index.php?rest_route=\/wp\/v2\/posts\/30111","targetHints":{"allow":["GET"]}}],"collection":[{"href":"https:\/\/www.egemtv.com\/index.php?rest_route=\/wp\/v2\/posts"}],"about":[{"href":"https:\/\/www.egemtv.com\/index.php?rest_route=\/wp\/v2\/types\/post"}],"author":[{"embeddable":true,"href":"https:\/\/www.egemtv.com\/index.php?rest_route=\/wp\/v2\/users\/1"}],"replies":[{"embeddable":true,"href":"https:\/\/www.egemtv.com\/index.php?rest_route=%2Fwp%2Fv2%2Fcomments&post=30111"}],"version-history":[{"count":1,"href":"https:\/\/www.egemtv.com\/index.php?rest_route=\/wp\/v2\/posts\/30111\/revisions"}],"predecessor-version":[{"id":30113,"href":"https:\/\/www.egemtv.com\/index.php?rest_route=\/wp\/v2\/posts\/30111\/revisions\/30113"}],"wp:featuredmedia":[{"embeddable":true,"href":"https:\/\/www.egemtv.com\/index.php?rest_route=\/wp\/v2\/media\/30112"}],"wp:attachment":[{"href":"https:\/\/www.egemtv.com\/index.php?rest_route=%2Fwp%2Fv2%2Fmedia&parent=30111"}],"wp:term":[{"taxonomy":"category","embeddable":true,"href":"https:\/\/www.egemtv.com\/index.php?rest_route=%2Fwp%2Fv2%2Fcategories&post=30111"},{"taxonomy":"post_tag","embeddable":true,"href":"https:\/\/www.egemtv.com\/index.php?rest_route=%2Fwp%2Fv2%2Ftags&post=30111"}],"curies":[{"name":"wp","href":"https:\/\/api.w.org\/{rel}","templated":true}]}}