{"id":30108,"date":"2025-05-20T10:37:27","date_gmt":"2025-05-20T07:37:27","guid":{"rendered":"https:\/\/www.egemtv.com\/?p=30108"},"modified":"2025-05-20T10:37:32","modified_gmt":"2025-05-20T07:37:32","slug":"kosklu-ogrenciler-jandarmayi-tanidi","status":"publish","type":"post","link":"https:\/\/www.egemtv.com\/?p=30108","title":{"rendered":"K\u00f6\u015fkl\u00fc \u00f6\u011frenciler jandarmay\u0131 tan\u0131d\u0131"},"content":{"rendered":"<p>Ayd\u0131n\u2019\u0131n K\u00f6\u015fk il\u00e7esinde \u00f6\u011frenciler K\u00f6\u015fk il\u00e7e Jandarma Komutanl\u0131\u011f\u0131\u2019n\u0131 ziyarete ederek, jandarman\u0131n faaliyetlerini \u00f6\u011frendi.<\/p>\n<p>K\u00f6\u015fk il\u00e7esinde e\u011fitim g\u00f6ren 32 \u00f6\u011frenci ve \u00f6\u011fretmenleri K\u00f6\u015fk \u0130l\u00e7e Jandarma Komutanl\u0131\u011f\u0131 ve ayn\u0131 birlikte konu\u015flu bulunan Efeler Jandarma Asayi\u015f Komando B\u00f6l\u00fck Komutanl\u0131\u011f\u0131\u2019n\u0131 ziyaret etti. K\u00f6\u015fk Kaymakam\u0131 Tu\u011fba Polat\u2019\u0131n kat\u0131ld\u0131\u011f\u0131 ziyarette, \u0130l\u00e7e Jandarma Komutan\u0131 makam\u0131 temsili olarak \u00f6\u011frencilere devrederek Jandarma te\u015fkilat\u0131 ve kullan\u0131lan silah, ara\u00e7 ve gere\u00e7lerin tan\u0131t\u0131m\u0131 yap\u0131ld\u0131.<br \/><\/p>\n","protected":false},"excerpt":{"rendered":"<p>Ayd\u0131n\u2019\u0131n K\u00f6\u015fk il\u00e7esinde \u00f6\u011frenciler K\u00f6\u015fk il\u00e7e Jandarma Komutanl\u0131\u011f\u0131\u2019n\u0131 ziyarete ederek, jandarman\u0131n faaliyetlerini \u00f6\u011frendi. K\u00f6\u015fk il\u00e7esinde e\u011fitim g\u00f6ren 32 \u00f6\u011frenci ve \u00f6\u011fretmenleri K\u00f6\u015fk \u0130l\u00e7e Jandarma Komutanl\u0131\u011f\u0131 ve ayn\u0131 birlikte konu\u015flu bulunan Efeler Jandarma Asayi\u015f Komando B\u00f6l\u00fck Komutanl\u0131\u011f\u0131\u2019n\u0131 ziyaret etti. K\u00f6\u015fk Kaymakam\u0131 Tu\u011fba Polat\u2019\u0131n kat\u0131ld\u0131\u011f\u0131 ziyarette, \u0130l\u00e7e Jandarma Komutan\u0131 makam\u0131 temsili olarak \u00f6\u011frencilere devrederek Jandarma te\u015fkilat\u0131 ve&#8230;<\/p>\n","protected":false},"author":1,"featured_media":30109,"comment_status":"open","ping_status":"open","sticky":false,"template":"","format":"standard","meta":{"_crdt_document":"","footnotes":""},"categories":[1],"tags":[],"class_list":["post-30108","post","type-post","status-publish","format-standard","has-post-thumbnail","hentry","category-guncel"],"_links":{"self":[{"href":"https:\/\/www.egemtv.com\/index.php?rest_route=\/wp\/v2\/posts\/30108","targetHints":{"allow":["GET"]}}],"collection":[{"href":"https:\/\/www.egemtv.com\/index.php?rest_route=\/wp\/v2\/posts"}],"about":[{"href":"https:\/\/www.egemtv.com\/index.php?rest_route=\/wp\/v2\/types\/post"}],"author":[{"embeddable":true,"href":"https:\/\/www.egemtv.com\/index.php?rest_route=\/wp\/v2\/users\/1"}],"replies":[{"embeddable":true,"href":"https:\/\/www.egemtv.com\/index.php?rest_route=%2Fwp%2Fv2%2Fcomments&post=30108"}],"version-history":[{"count":1,"href":"https:\/\/www.egemtv.com\/index.php?rest_route=\/wp\/v2\/posts\/30108\/revisions"}],"predecessor-version":[{"id":30110,"href":"https:\/\/www.egemtv.com\/index.php?rest_route=\/wp\/v2\/posts\/30108\/revisions\/30110"}],"wp:featuredmedia":[{"embeddable":true,"href":"https:\/\/www.egemtv.com\/index.php?rest_route=\/wp\/v2\/media\/30109"}],"wp:attachment":[{"href":"https:\/\/www.egemtv.com\/index.php?rest_route=%2Fwp%2Fv2%2Fmedia&parent=30108"}],"wp:term":[{"taxonomy":"category","embeddable":true,"href":"https:\/\/www.egemtv.com\/index.php?rest_route=%2Fwp%2Fv2%2Fcategories&post=30108"},{"taxonomy":"post_tag","embeddable":true,"href":"https:\/\/www.egemtv.com\/index.php?rest_route=%2Fwp%2Fv2%2Ftags&post=30108"}],"curies":[{"name":"wp","href":"https:\/\/api.w.org\/{rel}","templated":true}]}}