{"id":30093,"date":"2025-05-20T09:57:51","date_gmt":"2025-05-20T06:57:51","guid":{"rendered":"https:\/\/www.egemtv.com\/?p=30093"},"modified":"2025-05-20T09:57:56","modified_gmt":"2025-05-20T06:57:56","slug":"viyaduk-altinda-gelecegi-tasarladilar","status":"publish","type":"post","link":"https:\/\/www.egemtv.com\/?p=30093","title":{"rendered":"Viyad\u00fck alt\u0131nda gelece\u011fi tasarlad\u0131lar"},"content":{"rendered":"<p>T\u00fcrk gen\u00e7 mimarlar\u0131n tasarlad\u0131\u011f\u0131 Nexus projesi, kullan\u0131lmayan viyad\u00fck altlar\u0131n\u0131 mikro konutlara d\u00f6n\u00fc\u015ft\u00fcrerek uluslararas\u0131 yar\u0131\u015fmada \u00f6d\u00fcle de\u011fer g\u00f6r\u00fcld\u00fc.<br \/>\n<br \/>Ya\u015far \u00dcniversitesi Mimarl\u0131k Fak\u00fcltesi, uluslararas\u0131 arenada \u00f6nemli bir ba\u015far\u0131ya imza att\u0131. Gen\u00e7 mimarlar, d\u00fcnya genelinde kat\u0131l\u0131m\u0131n oldu\u011fu mimarl\u0131k yar\u0131\u015fmas\u0131 \u2018Michrohome 2025\u2019da projeleri \u2018Nexus\u2019 ile \u00f6d\u00fcl kazand\u0131.<br \/>\n<br \/>Ya\u015far \u00dcniversitesi 2024 y\u0131l\u0131 Mimarl\u0131k B\u00f6l\u00fcm\u00fc mezunlar\u0131 G\u00f6kalp Kalfa ve Zehra \u00c7elik ile 4. s\u0131n\u0131f \u00f6\u011frencileri Denizhan \u015eall\u0131 ve G\u00f6ktu\u011f \u00dcnl\u00fc, yar\u0131\u015fmada sunduklar\u0131 \u00f6zg\u00fcn tasar\u0131mlar\u0131yla dikkat \u00e7ekti. Gen\u00e7 mimarlar, Kingspan sponsorlu\u011funda Buildner taraf\u0131ndan d\u00fczenlenen uluslararas\u0131 Microhome 2025 yar\u0131\u015fmas\u0131nda, &#8220;Nexus&#8221; adl\u0131 projeleriyle e\u015fde\u011fer mansiyon \u00f6d\u00fcl\u00fcne lay\u0131k g\u00f6r\u00fcld\u00fc.  Yar\u0131\u015fman\u0131n profesyonel kategorisinde \u00f6d\u00fcl alan tek T\u00fcrk ekip olmay\u0131 ba\u015faran grup, projelerinde konut krizine mimari bir yan\u0131t sunarken, toplumsal duyarl\u0131l\u0131k ve \u00e7evresel s\u00fcrd\u00fcr\u00fclebilirli\u011fi \u00f6n planda tuttu.<\/p>\n<p>&#8220;Nexus&#8221; ile kentin bo\u015fluklar\u0131nda yeni ya\u015fam a\u011flar\u0131<br \/>\n<br \/>Latince &#8220;ba\u011flamak, birle\u015ftirmek&#8221; anlam\u0131na gelen Nexus kelimesinden ilhamla adland\u0131r\u0131lan proje, kent merkezlerinde kullan\u0131lmayan viyad\u00fck altlar\u0131n\u0131 \u00e7elik halatlarla as\u0131lan mod\u00fcler mikro evlerle d\u00f6n\u00fc\u015ft\u00fcrmeyi \u00f6neriyor. Proje, g\u00f6\u00e7menler, m\u00fclteciler ve d\u00fc\u015f\u00fck gelirli bireyler i\u00e7in merkezi konumda eri\u015filebilir, g\u00fcvenli ve kapsay\u0131c\u0131 ya\u015fam alanlar\u0131 sunmay\u0131 ama\u00e7l\u0131yor.<\/p>\n<p>Elektrik altyap\u0131s\u0131ndan ba\u011f\u0131ms\u0131z<br \/>\n<br \/>En fazla 25 metrekare alana sahip mikro konut birimleri, \u015fehirlerin enerji altyap\u0131s\u0131ndan ba\u011f\u0131ms\u0131z \u00e7al\u0131\u015fabilecek \u015fekilde tasarland\u0131. Projede, piezoelektrik mod\u00fcller ve g\u00fcne\u015f panelleriyle enerji \u00fcretimi sa\u011flan\u0131rken, su ihtiyac\u0131 ya\u011fmur suyu toplama ve gri su d\u00f6n\u00fc\u015f\u00fcm sistemleriyle kar\u015f\u0131lan\u0131yor. Ek olarak, ye\u015fil duvarlar ve at\u0131klar\u0131n g\u00fcbreye d\u00f6n\u00fc\u015ft\u00fc\u011f\u00fc biyolojik sistemler sayesinde proje, \u00e7evresel s\u00fcrd\u00fcr\u00fclebilirlik a\u00e7\u0131s\u0131ndan da \u00f6rnek bir model sunuyor.<\/p>\n<p>G\u00f6\u00e7menler i\u00e7in d\u00fc\u015f\u00fck maliyetli yap\u0131lar<br \/>\n<br \/>Ekip \u00fcyeleri G\u00f6kalp Kalfa ve Zehra \u00c7elik ile 4. s\u0131n\u0131f \u00f6\u011frencileri Denizhan \u015eall\u0131 ve G\u00f6ktu\u011f \u00dcnl\u00fc, projelerini \u015f\u00f6yle anlatt\u0131: &#8220;Nexus projesinde, \u015fehirlerde genellikle g\u00f6z ard\u0131 edilen viyad\u00fck altlar\u0131n\u0131 kullanarak, son y\u0131llarda kent altyap\u0131s\u0131n\u0131 zorlayan en b\u00fcy\u00fck problemlerden biri olan g\u00f6\u00e7men bar\u0131nmas\u0131na y\u00f6nelik, mod\u00fcler bir ya\u015fam a\u011f\u0131 olu\u015fturmay\u0131 hedefledik. Tasar\u0131m s\u00fcrecinde \u00e7evresel s\u00fcrd\u00fcr\u00fclebilirlik ve sosyal b\u00fct\u00fcnle\u015fmeyi \u00f6n planda tuttuk. Mod\u00fclleri, kullan\u0131c\u0131 ihtiya\u00e7lar\u0131na g\u00f6re esnek \u015fekilde yeniden yap\u0131land\u0131r\u0131labilecek, ta\u015f\u0131nabilir ve d\u00f6n\u00fc\u015ft\u00fcr\u00fclebilir bir sistem olarak tasarlad\u0131k. G\u00f6\u00e7menler i\u00e7in d\u00fc\u015f\u00fck maliyetli, konforlu ve s\u00fcrd\u00fcr\u00fclebilir kentsel ya\u015fam alanlar\u0131 olu\u015fturma fikri, bizi en \u00e7ok motive eden unsur oldu.&#8221;<br \/><\/p>\n","protected":false},"excerpt":{"rendered":"<p>T\u00fcrk gen\u00e7 mimarlar\u0131n tasarlad\u0131\u011f\u0131 Nexus projesi, kullan\u0131lmayan viyad\u00fck altlar\u0131n\u0131 mikro konutlara d\u00f6n\u00fc\u015ft\u00fcrerek uluslararas\u0131 yar\u0131\u015fmada \u00f6d\u00fcle de\u011fer g\u00f6r\u00fcld\u00fc. Ya\u015far \u00dcniversitesi Mimarl\u0131k Fak\u00fcltesi, uluslararas\u0131 arenada \u00f6nemli bir ba\u015far\u0131ya imza att\u0131. Gen\u00e7 mimarlar, d\u00fcnya genelinde kat\u0131l\u0131m\u0131n oldu\u011fu mimarl\u0131k yar\u0131\u015fmas\u0131 \u2018Michrohome 2025\u2019da projeleri \u2018Nexus\u2019 ile \u00f6d\u00fcl kazand\u0131. Ya\u015far \u00dcniversitesi 2024 y\u0131l\u0131 Mimarl\u0131k B\u00f6l\u00fcm\u00fc mezunlar\u0131 G\u00f6kalp Kalfa ve Zehra \u00c7elik&#8230;<\/p>\n","protected":false},"author":1,"featured_media":30094,"comment_status":"open","ping_status":"open","sticky":false,"template":"","format":"standard","meta":{"_crdt_document":"","footnotes":""},"categories":[1],"tags":[],"class_list":["post-30093","post","type-post","status-publish","format-standard","has-post-thumbnail","hentry","category-guncel"],"_links":{"self":[{"href":"https:\/\/www.egemtv.com\/index.php?rest_route=\/wp\/v2\/posts\/30093","targetHints":{"allow":["GET"]}}],"collection":[{"href":"https:\/\/www.egemtv.com\/index.php?rest_route=\/wp\/v2\/posts"}],"about":[{"href":"https:\/\/www.egemtv.com\/index.php?rest_route=\/wp\/v2\/types\/post"}],"author":[{"embeddable":true,"href":"https:\/\/www.egemtv.com\/index.php?rest_route=\/wp\/v2\/users\/1"}],"replies":[{"embeddable":true,"href":"https:\/\/www.egemtv.com\/index.php?rest_route=%2Fwp%2Fv2%2Fcomments&post=30093"}],"version-history":[{"count":1,"href":"https:\/\/www.egemtv.com\/index.php?rest_route=\/wp\/v2\/posts\/30093\/revisions"}],"predecessor-version":[{"id":30095,"href":"https:\/\/www.egemtv.com\/index.php?rest_route=\/wp\/v2\/posts\/30093\/revisions\/30095"}],"wp:featuredmedia":[{"embeddable":true,"href":"https:\/\/www.egemtv.com\/index.php?rest_route=\/wp\/v2\/media\/30094"}],"wp:attachment":[{"href":"https:\/\/www.egemtv.com\/index.php?rest_route=%2Fwp%2Fv2%2Fmedia&parent=30093"}],"wp:term":[{"taxonomy":"category","embeddable":true,"href":"https:\/\/www.egemtv.com\/index.php?rest_route=%2Fwp%2Fv2%2Fcategories&post=30093"},{"taxonomy":"post_tag","embeddable":true,"href":"https:\/\/www.egemtv.com\/index.php?rest_route=%2Fwp%2Fv2%2Ftags&post=30093"}],"curies":[{"name":"wp","href":"https:\/\/api.w.org\/{rel}","templated":true}]}}