{"id":30090,"date":"2025-05-20T09:57:46","date_gmt":"2025-05-20T06:57:46","guid":{"rendered":"https:\/\/www.egemtv.com\/?p=30090"},"modified":"2025-05-20T09:57:50","modified_gmt":"2025-05-20T06:57:50","slug":"denizlili-kick-bokscu-durdane-dunya-sampiyonu-oldu","status":"publish","type":"post","link":"https:\/\/www.egemtv.com\/?p=30090","title":{"rendered":"Denizlili kick boks\u00e7u Durdane d\u00fcnya \u015fampiyonu oldu"},"content":{"rendered":"<p>Antalya\u2019da d\u00fczenlenen Uluslararas\u0131 Kick Boks D\u00fcnya Kupas\u0131\u2019nda 9 s\u0131n\u0131f \u00f6\u011frencisi Durdane Huy, 65 kiloda d\u00fcnya \u015fampiyonlu\u011funu kazand\u0131.<\/p>\n<p>14-18 May\u0131s 2025 tarihleri aras\u0131nda Antalya Spor Salonu\u2019nda ger\u00e7ekle\u015ftirilen Uluslararas\u0131 Kick Boks D\u00fcnya Kupas\u0131\u2019nda, y\u00fczlerce sporcu bir araya geldi. T\u00fcrkiye Kick Boks Federasyonu\u2019nun 2025 y\u0131l\u0131 faaliyet program\u0131nda yer alan d\u00fcnya kupas\u0131 kar\u015f\u0131la\u015fmalar\u0131 \u00e7ok \u00e7eki\u015fmeli ge\u00e7ti. Ya\u015far Saniye Gemici Anadolu Lisesi 9\/B s\u0131n\u0131f\u0131 \u00f6\u011frencisi Durdane Huy, 65 kilogram kategorisinde t\u00fcm rakiplerini geride b\u0131rakarak birincilik k\u00fcrs\u00fcs\u00fcne \u00e7\u0131kt\u0131. Gen\u00e7 sporcu, bu zaferle yaln\u0131zca alt\u0131n madalya kazanmakla kalmad\u0131, ayn\u0131 zamanda &#8220;d\u00fcnya \u015fampiyonu&#8221; unvan\u0131n\u0131n da sahibi oldu.<\/p>\n<p>Okulundan tam destek ve tebrik<br \/>\n<br \/>Ya\u015far Saniye Gemici Anadolu Lisesi M\u00fcd\u00fcr\u00fc Muslu Canl\u0131, elde edilen bu tarihi ba\u015far\u0131dan \u00f6t\u00fcr\u00fc \u00f6\u011frencisi Durdane Huy\u2019u kutlad\u0131. M\u00fcd\u00fcr Canl\u0131, &#8220;Durdane\u2019nin ba\u015far\u0131s\u0131 sadece onun de\u011fil, okulumuzun ve ilimizin gurur kayna\u011f\u0131d\u0131r. Sporla e\u011fitimi birle\u015ftiren bu ba\u015far\u0131 hik\u00e2yesi, di\u011fer \u00f6\u011frencilerimiz i\u00e7in de ilham kayna\u011f\u0131 olacakt\u0131r.\u2019 Dedi. Ba\u015far\u0131l\u0131 sporcu, Durdane Huy, m\u00fcsabakalar sonras\u0131 yapt\u0131\u011f\u0131 k\u0131sa a\u00e7\u0131klamada, &#8220;Bu \u015fampiyonlu\u011fu \u00fclkeme ve aileme arma\u011fan ediyorum. Daha b\u00fcy\u00fck hedeflerim var, \u00e7al\u0131\u015fmaya devam edece\u011fim,&#8221; dedi.<\/p>\n<p>Durdane Huy\u2019un elde etti\u011fi d\u00fcnya \u015fampiyonlu\u011fu, hem okuluna hem de T\u00fcrk sporuna moral kayna\u011f\u0131 oldu.<br \/><\/p>\n","protected":false},"excerpt":{"rendered":"<p>Antalya\u2019da d\u00fczenlenen Uluslararas\u0131 Kick Boks D\u00fcnya Kupas\u0131\u2019nda 9 s\u0131n\u0131f \u00f6\u011frencisi Durdane Huy, 65 kiloda d\u00fcnya \u015fampiyonlu\u011funu kazand\u0131. 14-18 May\u0131s 2025 tarihleri aras\u0131nda Antalya Spor Salonu\u2019nda ger\u00e7ekle\u015ftirilen Uluslararas\u0131 Kick Boks D\u00fcnya Kupas\u0131\u2019nda, y\u00fczlerce sporcu bir araya geldi. T\u00fcrkiye Kick Boks Federasyonu\u2019nun 2025 y\u0131l\u0131 faaliyet program\u0131nda yer alan d\u00fcnya kupas\u0131 kar\u015f\u0131la\u015fmalar\u0131 \u00e7ok \u00e7eki\u015fmeli ge\u00e7ti. Ya\u015far Saniye Gemici&#8230;<\/p>\n","protected":false},"author":1,"featured_media":30091,"comment_status":"open","ping_status":"open","sticky":false,"template":"","format":"standard","meta":{"_crdt_document":"","footnotes":""},"categories":[4],"tags":[],"class_list":["post-30090","post","type-post","status-publish","format-standard","has-post-thumbnail","hentry","category-spor"],"_links":{"self":[{"href":"https:\/\/www.egemtv.com\/index.php?rest_route=\/wp\/v2\/posts\/30090","targetHints":{"allow":["GET"]}}],"collection":[{"href":"https:\/\/www.egemtv.com\/index.php?rest_route=\/wp\/v2\/posts"}],"about":[{"href":"https:\/\/www.egemtv.com\/index.php?rest_route=\/wp\/v2\/types\/post"}],"author":[{"embeddable":true,"href":"https:\/\/www.egemtv.com\/index.php?rest_route=\/wp\/v2\/users\/1"}],"replies":[{"embeddable":true,"href":"https:\/\/www.egemtv.com\/index.php?rest_route=%2Fwp%2Fv2%2Fcomments&post=30090"}],"version-history":[{"count":1,"href":"https:\/\/www.egemtv.com\/index.php?rest_route=\/wp\/v2\/posts\/30090\/revisions"}],"predecessor-version":[{"id":30092,"href":"https:\/\/www.egemtv.com\/index.php?rest_route=\/wp\/v2\/posts\/30090\/revisions\/30092"}],"wp:featuredmedia":[{"embeddable":true,"href":"https:\/\/www.egemtv.com\/index.php?rest_route=\/wp\/v2\/media\/30091"}],"wp:attachment":[{"href":"https:\/\/www.egemtv.com\/index.php?rest_route=%2Fwp%2Fv2%2Fmedia&parent=30090"}],"wp:term":[{"taxonomy":"category","embeddable":true,"href":"https:\/\/www.egemtv.com\/index.php?rest_route=%2Fwp%2Fv2%2Fcategories&post=30090"},{"taxonomy":"post_tag","embeddable":true,"href":"https:\/\/www.egemtv.com\/index.php?rest_route=%2Fwp%2Fv2%2Ftags&post=30090"}],"curies":[{"name":"wp","href":"https:\/\/api.w.org\/{rel}","templated":true}]}}