{"id":30087,"date":"2025-05-20T09:57:40","date_gmt":"2025-05-20T06:57:40","guid":{"rendered":"https:\/\/www.egemtv.com\/?p=30087"},"modified":"2025-05-20T09:57:45","modified_gmt":"2025-05-20T06:57:45","slug":"didimde-19-mayis-coskusu-gece-saatlerine-kadar-surdu","status":"publish","type":"post","link":"https:\/\/www.egemtv.com\/?p=30087","title":{"rendered":"Didim\u2019de 19 May\u0131s co\u015fkusu gece saatlerine kadar s\u00fcrd\u00fc"},"content":{"rendered":"<p>19 May\u0131s Atat\u00fcrk\u2019\u00fc Anma, Gen\u00e7lik ve Spor Bayram\u0131 ile Gazi Mustafa Kemal Atat\u00fcrk\u2019\u00fcn Samsun\u2019a \u00e7\u0131k\u0131\u015f\u0131n\u0131n 106. Y\u0131ld\u00f6n\u00fcm\u00fc, Didim\u2019de b\u00fcy\u00fck bir co\u015fku ile kutland\u0131. Didim Belediyesi taraf\u0131ndan ger\u00e7ekle\u015ftirilen etkinlikler kapsam\u0131nda ilk olarak fener alay\u0131 ger\u00e7ekle\u015ftirildi.<br \/>\n<br \/>Didim Belediyesi \u00f6n\u00fcnden ba\u015flayan Fener Alay\u0131na Didim Belediye Ba\u015fkan Yard\u0131mc\u0131lar\u0131 Aydan A\u015f\u0131k Turgut, Kaan Top\u00e7uo\u011fullar\u0131, Belediye Meclis \u00fcyeleri ve Didimli vatanda\u015flar kat\u0131ld\u0131.<br \/>\n<br \/>Vatanda\u015flar ellerinde T\u00fcrk Bayraklar\u0131 ve me\u015faleler ile mar\u015flar e\u015fli\u011finde Cumhuriyet Kent Meydan\u0131\u2019na y\u00fcr\u00fcd\u00fc. Fener Alay\u0131\u2019n\u0131n ard\u0131ndan 19 Atat\u00fcrk\u2019\u00fc Anma Gen\u00e7lik ve Spor Bayram\u0131 etkinlikleri Kolektif \u0130stanbul Konseri ile devam etti. Y\u00fczlerce ki\u015finin kat\u0131ld\u0131\u011f\u0131 konser, vatanda\u015flar\u0131n b\u00fcy\u00fck be\u011fenisini toplad\u0131.<br \/>\n<br \/>Konserin sonunda Didim Belediye Ba\u015fkan Yard\u0131mc\u0131s\u0131 Aydan A\u015f\u0131k Turgut, Kolektif \u0130stanbul grubuna \u00e7i\u00e7ek takdim etti.<br \/><\/p>\n","protected":false},"excerpt":{"rendered":"<p>19 May\u0131s Atat\u00fcrk\u2019\u00fc Anma, Gen\u00e7lik ve Spor Bayram\u0131 ile Gazi Mustafa Kemal Atat\u00fcrk\u2019\u00fcn Samsun\u2019a \u00e7\u0131k\u0131\u015f\u0131n\u0131n 106. Y\u0131ld\u00f6n\u00fcm\u00fc, Didim\u2019de b\u00fcy\u00fck bir co\u015fku ile kutland\u0131. Didim Belediyesi taraf\u0131ndan ger\u00e7ekle\u015ftirilen etkinlikler kapsam\u0131nda ilk olarak fener alay\u0131 ger\u00e7ekle\u015ftirildi. Didim Belediyesi \u00f6n\u00fcnden ba\u015flayan Fener Alay\u0131na Didim Belediye Ba\u015fkan Yard\u0131mc\u0131lar\u0131 Aydan A\u015f\u0131k Turgut, Kaan Top\u00e7uo\u011fullar\u0131, Belediye Meclis \u00fcyeleri ve Didimli vatanda\u015flar&#8230;<\/p>\n","protected":false},"author":1,"featured_media":30088,"comment_status":"open","ping_status":"open","sticky":false,"template":"","format":"standard","meta":{"_crdt_document":"","footnotes":""},"categories":[1],"tags":[],"class_list":["post-30087","post","type-post","status-publish","format-standard","has-post-thumbnail","hentry","category-guncel"],"_links":{"self":[{"href":"https:\/\/www.egemtv.com\/index.php?rest_route=\/wp\/v2\/posts\/30087","targetHints":{"allow":["GET"]}}],"collection":[{"href":"https:\/\/www.egemtv.com\/index.php?rest_route=\/wp\/v2\/posts"}],"about":[{"href":"https:\/\/www.egemtv.com\/index.php?rest_route=\/wp\/v2\/types\/post"}],"author":[{"embeddable":true,"href":"https:\/\/www.egemtv.com\/index.php?rest_route=\/wp\/v2\/users\/1"}],"replies":[{"embeddable":true,"href":"https:\/\/www.egemtv.com\/index.php?rest_route=%2Fwp%2Fv2%2Fcomments&post=30087"}],"version-history":[{"count":1,"href":"https:\/\/www.egemtv.com\/index.php?rest_route=\/wp\/v2\/posts\/30087\/revisions"}],"predecessor-version":[{"id":30089,"href":"https:\/\/www.egemtv.com\/index.php?rest_route=\/wp\/v2\/posts\/30087\/revisions\/30089"}],"wp:featuredmedia":[{"embeddable":true,"href":"https:\/\/www.egemtv.com\/index.php?rest_route=\/wp\/v2\/media\/30088"}],"wp:attachment":[{"href":"https:\/\/www.egemtv.com\/index.php?rest_route=%2Fwp%2Fv2%2Fmedia&parent=30087"}],"wp:term":[{"taxonomy":"category","embeddable":true,"href":"https:\/\/www.egemtv.com\/index.php?rest_route=%2Fwp%2Fv2%2Fcategories&post=30087"},{"taxonomy":"post_tag","embeddable":true,"href":"https:\/\/www.egemtv.com\/index.php?rest_route=%2Fwp%2Fv2%2Ftags&post=30087"}],"curies":[{"name":"wp","href":"https:\/\/api.w.org\/{rel}","templated":true}]}}