{"id":30084,"date":"2025-05-20T09:37:14","date_gmt":"2025-05-20T06:37:14","guid":{"rendered":"https:\/\/www.egemtv.com\/?p=30084"},"modified":"2025-05-20T09:37:18","modified_gmt":"2025-05-20T06:37:18","slug":"denizlide-19-mayis-coskusu-fener-alayiyla-taclandi","status":"publish","type":"post","link":"https:\/\/www.egemtv.com\/?p=30084","title":{"rendered":"Denizli\u2019de 19 May\u0131s co\u015fkusu fener alay\u0131yla ta\u00e7land\u0131"},"content":{"rendered":"<p>Denizli\u2019de 19 May\u0131s Atat\u00fcrk\u2019\u00fc Anma, Gen\u00e7lik ve Spor Bayram\u0131, d\u00fczenlenen fener alay\u0131yla birlik, co\u015fku ve sevin\u00e7 i\u00e7erisinde kutland\u0131.<\/p>\n<p>T\u00fcrkiye Cumhuriyeti\u2019nin kurucusu Gazi Mustafa Kemal Atat\u00fcrk\u2019\u00fcn Samsun\u2019a \u00e7\u0131karak kurtulu\u015f m\u00fccadelesini ba\u015flatt\u0131\u011f\u0131 19 May\u0131s 1919\u2019un 106\u2019nc\u0131 y\u0131l\u0131, Denizli\u2019de g\u00f6rkemli etkinliklerle kutland\u0131. Gen\u00e7li\u011fe arma\u011fan edilen bu anlaml\u0131 g\u00fcnde, kentte g\u00fcn boyu s\u00fcren etkinlikler ak\u015fam saatlerinde \u015f\u00f6lene d\u00f6n\u00fc\u015ft\u00fc. Kutlamalar, \u015fehrin d\u00f6rt bir yan\u0131ndan gelen binlerce vatanda\u015f\u0131n kat\u0131l\u0131m\u0131yla b\u00fcy\u00fck bir bulu\u015fmaya sahne oldu. Fener alay\u0131, 7\u2019den 70\u2019e herkesi bir araya getirerek bayram sevincini soka\u011fa ta\u015f\u0131d\u0131. Denizli, cumhuriyet de\u011ferlerine olan ba\u011fl\u0131l\u0131\u011f\u0131n\u0131 bir kez daha y\u00fcksek sesle ve b\u00fcy\u00fck bir co\u015fkuyla g\u00f6sterdi.<\/p>\n<p>Atat\u00fcrk Stadyumu \u00f6n\u00fcnde ba\u015flayan Fener Alay\u0131, me\u015falelerin ayd\u0131nlatt\u0131\u011f\u0131 caddelerde on binlerce ki\u015finin y\u00fcr\u00fcy\u00fc\u015f\u00fcyle ger\u00e7ekle\u015fti. Bir bayram kortejine d\u00f6n\u00fc\u015fen y\u00fcr\u00fcy\u00fc\u015fte &#8220;10. Y\u0131l Mar\u015f\u0131&#8221;, &#8220;\u0130zmir Mar\u015f\u0131&#8221;, &#8220;Gen\u00e7lik Mar\u015f\u0131&#8221; gibi mar\u015flar hep bir a\u011f\u0131zdan s\u00f6ylendi. Denizli sokaklar\u0131, T\u00fcrk bayraklar\u0131 ile k\u0131rm\u0131z\u0131-beyaza b\u00fcr\u00fcnd\u00fc. Gen\u00e7ler, \u00e7ocuklar, ya\u015fl\u0131lar; ellerinde me\u015faleler ve bayraklarla y\u00fcr\u00fcy\u00fc\u015f boyunca hem duygusal hem de co\u015fkulu anlar ya\u015fad\u0131. Y\u00fcr\u00fcy\u00fc\u015f g\u00fczerg\u00e2h\u0131nda evlerinden \u00e7\u0131kan vatanda\u015flar alk\u0131\u015flarla ve bayrak sallayarak korteje destek verdi. G\u00f6rsel olarak etkileyici olan fener alay\u0131, ayn\u0131 zamanda toplumun milli birlik ve beraberlik duygular\u0131n\u0131 da peki\u015ftiren anlaml\u0131 bir bulu\u015fmaya d\u00f6n\u00fc\u015ft\u00fc.<br \/><\/p>\n","protected":false},"excerpt":{"rendered":"<p>Denizli\u2019de 19 May\u0131s Atat\u00fcrk\u2019\u00fc Anma, Gen\u00e7lik ve Spor Bayram\u0131, d\u00fczenlenen fener alay\u0131yla birlik, co\u015fku ve sevin\u00e7 i\u00e7erisinde kutland\u0131. T\u00fcrkiye Cumhuriyeti\u2019nin kurucusu Gazi Mustafa Kemal Atat\u00fcrk\u2019\u00fcn Samsun\u2019a \u00e7\u0131karak kurtulu\u015f m\u00fccadelesini ba\u015flatt\u0131\u011f\u0131 19 May\u0131s 1919\u2019un 106\u2019nc\u0131 y\u0131l\u0131, Denizli\u2019de g\u00f6rkemli etkinliklerle kutland\u0131. Gen\u00e7li\u011fe arma\u011fan edilen bu anlaml\u0131 g\u00fcnde, kentte g\u00fcn boyu s\u00fcren etkinlikler ak\u015fam saatlerinde \u015f\u00f6lene d\u00f6n\u00fc\u015ft\u00fc. Kutlamalar,&#8230;<\/p>\n","protected":false},"author":1,"featured_media":30085,"comment_status":"open","ping_status":"open","sticky":false,"template":"","format":"standard","meta":{"_crdt_document":"","footnotes":""},"categories":[123],"tags":[],"class_list":["post-30084","post","type-post","status-publish","format-standard","has-post-thumbnail","hentry","category-gundem"],"_links":{"self":[{"href":"https:\/\/www.egemtv.com\/index.php?rest_route=\/wp\/v2\/posts\/30084","targetHints":{"allow":["GET"]}}],"collection":[{"href":"https:\/\/www.egemtv.com\/index.php?rest_route=\/wp\/v2\/posts"}],"about":[{"href":"https:\/\/www.egemtv.com\/index.php?rest_route=\/wp\/v2\/types\/post"}],"author":[{"embeddable":true,"href":"https:\/\/www.egemtv.com\/index.php?rest_route=\/wp\/v2\/users\/1"}],"replies":[{"embeddable":true,"href":"https:\/\/www.egemtv.com\/index.php?rest_route=%2Fwp%2Fv2%2Fcomments&post=30084"}],"version-history":[{"count":1,"href":"https:\/\/www.egemtv.com\/index.php?rest_route=\/wp\/v2\/posts\/30084\/revisions"}],"predecessor-version":[{"id":30086,"href":"https:\/\/www.egemtv.com\/index.php?rest_route=\/wp\/v2\/posts\/30084\/revisions\/30086"}],"wp:featuredmedia":[{"embeddable":true,"href":"https:\/\/www.egemtv.com\/index.php?rest_route=\/wp\/v2\/media\/30085"}],"wp:attachment":[{"href":"https:\/\/www.egemtv.com\/index.php?rest_route=%2Fwp%2Fv2%2Fmedia&parent=30084"}],"wp:term":[{"taxonomy":"category","embeddable":true,"href":"https:\/\/www.egemtv.com\/index.php?rest_route=%2Fwp%2Fv2%2Fcategories&post=30084"},{"taxonomy":"post_tag","embeddable":true,"href":"https:\/\/www.egemtv.com\/index.php?rest_route=%2Fwp%2Fv2%2Ftags&post=30084"}],"curies":[{"name":"wp","href":"https:\/\/api.w.org\/{rel}","templated":true}]}}