{"id":30081,"date":"2025-05-20T09:37:11","date_gmt":"2025-05-20T06:37:11","guid":{"rendered":"https:\/\/www.egemtv.com\/?p=30081"},"modified":"2025-05-20T09:37:13","modified_gmt":"2025-05-20T06:37:13","slug":"ekmek-parasi-icin-gittigi-fethiyede-oldurulen-motor-tamircisi-son-yolculuguna-ugurlandi","status":"publish","type":"post","link":"https:\/\/www.egemtv.com\/?p=30081","title":{"rendered":"Ekmek paras\u0131 i\u00e7in gitti\u011fi Fethiye\u2019de \u00f6ld\u00fcr\u00fclen motor tamircisi son yolculu\u011funa u\u011furland\u0131"},"content":{"rendered":"<p>Mu\u011fla\u2019ya sezonluk, yaz aylar\u0131nda otellerde \u00e7al\u0131\u015fmak i\u00e7in giden \u00c7ivrilli motor tamircisi gen\u00e7, Fethiye\u2019de kald\u0131\u011f\u0131 evinde ba\u015f\u0131ndan silahla vurulmu\u015f halde \u00f6l\u00fc bulundu. Ekmek paras\u0131 i\u00e7in gitti\u011fi kentte \u00f6ld\u00fcr\u00fclen gen\u00e7, memleketinde son yolculu\u011funa u\u011furland\u0131.<\/p>\n<p>Denizli\u2019de motor tamircili\u011fi yapan ve yaz sezonu i\u00e7in Fethiye\u2019ye otellerde \u00e7al\u0131\u015fmak i\u00e7in giden \u0130brahim Solak\u2019\u0131n (23) evinde hareketsiz yatt\u0131\u011f\u0131n\u0131 g\u00f6ren kom\u015fular\u0131 durumu 112 Acil \u00c7a\u011fr\u0131 Merkezi\u2019ne bildirdi. \u0130hbar \u00fczerine b\u00f6lgeye jandarma ve sa\u011fl\u0131k ekipleri sevk edildi. Olay yerine gelen sa\u011fl\u0131k ekiplerinin kontrollerinin ard\u0131ndan kafas\u0131na mermi isabet etti\u011fi tespit edilen \u0130brahim Solak\u2019\u0131n ya\u015fam\u0131n\u0131 yitirdi\u011fi belirlendi. Olay yerindeki incelemelerin ard\u0131ndan \u0130brahim Solak\u2019\u0131n cenazesi, Mu\u011fla Adli T\u0131p Kurumu morguna g\u00f6nderildi.<\/p>\n<p>Ev arkada\u015f\u0131 ifadesinin ard\u0131ndan serbest b\u0131rak\u0131ld\u0131<br \/>\n<br \/>G\u00fcvenlik kameras\u0131nda yap\u0131lan incelemelerin ard\u0131ndan 4 \u015fah\u0131s g\u00f6zalt\u0131na al\u0131nd\u0131. 4 \u015fah\u0131s\u0131n birisi \u0130brahim Solak\u2019\u0131n ev arkada\u015f\u0131 oldu\u011fu \u00f6\u011frenildi. Olay esnas\u0131nda ise ev arkada\u015f\u0131 garson olarak \u00e7al\u0131\u015ft\u0131\u011f\u0131 oteldeki i\u015finde oldu\u011funu belirten ev arkada\u015f\u0131, ifadesinin ard\u0131ndan serbest b\u0131rak\u0131ld\u0131.<\/p>\n<p>Yap\u0131lan incelemelerin ard\u0131ndan 3 \u015f\u00fcphelinin olay g\u00fcn\u00fc bah\u00e7e duvar\u0131ndan eve girdi\u011fi ve \u0130brahim Solak\u2019\u0131n k\u0131z arkada\u015f\u0131n\u0131n arkada\u015flar\u0131 oldu\u011fu \u00f6\u011frenildi. Evdeki g\u00fcvenlik kameralar\u0131n\u0131n daha detayl\u0131 incelemelerin ard\u0131ndan ise di\u011fer 3 \u015fah\u0131s ise olay g\u00fcn\u00fc eve bah\u00e7e duvar\u0131ndan atlayarak girdi\u011fini belirlendi. \u015e\u00fcpheli 3 \u015fah\u0131s\u0131n ise \u00f6ld\u00fcr\u00fclen \u0130brahim Solak\u2019\u0131n k\u0131z arkada\u015f\u0131n\u0131n arkada\u015flar\u0131 oldu\u011fu \u00f6\u011frenildi.<\/p>\n<p>Denizli\u2019de motosiklet tamircisi olan \u0130brahim Solak\u2019\u0131n otellerde \u00e7al\u0131\u015fmak i\u00e7in Denizli\u2019den bir s\u00fcre \u00f6nce Fethiye\u2019ye geldi\u011fi \u00f6\u011frenildi. Fethiye\u2019de ya\u015fad\u0131\u011f\u0131 evde \u00f6ld\u00fcr\u00fclm\u00fc\u015f halde bulunan \u0130brahim Solak\u2019\u0131n memleketi \u00c7ivril il\u00e7esi K\u0131ralan Mahallesi\u2019nde k\u0131l\u0131nan namaz\u0131n ard\u0131ndan g\u00f6zya\u015flar\u0131 i\u00e7inde topra\u011fa verildi.<br \/><\/p>\n","protected":false},"excerpt":{"rendered":"<p>Mu\u011fla\u2019ya sezonluk, yaz aylar\u0131nda otellerde \u00e7al\u0131\u015fmak i\u00e7in giden \u00c7ivrilli motor tamircisi gen\u00e7, Fethiye\u2019de kald\u0131\u011f\u0131 evinde ba\u015f\u0131ndan silahla vurulmu\u015f halde \u00f6l\u00fc bulundu. Ekmek paras\u0131 i\u00e7in gitti\u011fi kentte \u00f6ld\u00fcr\u00fclen gen\u00e7, memleketinde son yolculu\u011funa u\u011furland\u0131. Denizli\u2019de motor tamircili\u011fi yapan ve yaz sezonu i\u00e7in Fethiye\u2019ye otellerde \u00e7al\u0131\u015fmak i\u00e7in giden \u0130brahim Solak\u2019\u0131n (23) evinde hareketsiz yatt\u0131\u011f\u0131n\u0131 g\u00f6ren kom\u015fular\u0131 durumu 112&#8230;<\/p>\n","protected":false},"author":1,"featured_media":30082,"comment_status":"open","ping_status":"open","sticky":false,"template":"","format":"standard","meta":{"_crdt_document":"","footnotes":""},"categories":[5],"tags":[],"class_list":["post-30081","post","type-post","status-publish","format-standard","has-post-thumbnail","hentry","category-asayis"],"_links":{"self":[{"href":"https:\/\/www.egemtv.com\/index.php?rest_route=\/wp\/v2\/posts\/30081","targetHints":{"allow":["GET"]}}],"collection":[{"href":"https:\/\/www.egemtv.com\/index.php?rest_route=\/wp\/v2\/posts"}],"about":[{"href":"https:\/\/www.egemtv.com\/index.php?rest_route=\/wp\/v2\/types\/post"}],"author":[{"embeddable":true,"href":"https:\/\/www.egemtv.com\/index.php?rest_route=\/wp\/v2\/users\/1"}],"replies":[{"embeddable":true,"href":"https:\/\/www.egemtv.com\/index.php?rest_route=%2Fwp%2Fv2%2Fcomments&post=30081"}],"version-history":[{"count":1,"href":"https:\/\/www.egemtv.com\/index.php?rest_route=\/wp\/v2\/posts\/30081\/revisions"}],"predecessor-version":[{"id":30083,"href":"https:\/\/www.egemtv.com\/index.php?rest_route=\/wp\/v2\/posts\/30081\/revisions\/30083"}],"wp:featuredmedia":[{"embeddable":true,"href":"https:\/\/www.egemtv.com\/index.php?rest_route=\/wp\/v2\/media\/30082"}],"wp:attachment":[{"href":"https:\/\/www.egemtv.com\/index.php?rest_route=%2Fwp%2Fv2%2Fmedia&parent=30081"}],"wp:term":[{"taxonomy":"category","embeddable":true,"href":"https:\/\/www.egemtv.com\/index.php?rest_route=%2Fwp%2Fv2%2Fcategories&post=30081"},{"taxonomy":"post_tag","embeddable":true,"href":"https:\/\/www.egemtv.com\/index.php?rest_route=%2Fwp%2Fv2%2Ftags&post=30081"}],"curies":[{"name":"wp","href":"https:\/\/api.w.org\/{rel}","templated":true}]}}