{"id":30078,"date":"2025-05-20T09:15:23","date_gmt":"2025-05-20T06:15:23","guid":{"rendered":"https:\/\/www.egemtv.com\/?p=30078"},"modified":"2025-05-20T09:15:28","modified_gmt":"2025-05-20T06:15:28","slug":"emirdagli-genclerden-anlamli-mesaj-once-vatan","status":"publish","type":"post","link":"https:\/\/www.egemtv.com\/?p=30078","title":{"rendered":"Emirda\u011fl\u0131 gen\u00e7lerden anlaml\u0131 mesaj: &#8220;\u00d6nce Vatan&#8221;"},"content":{"rendered":"<p>Afyonkarahisar Emirda\u011f Gen\u00e7lik Merkezi, g\u00f6n\u00fcll\u00fc gen\u00e7lerle birlikte anlaml\u0131 bir \u00e7al\u0131\u015fmaya imza att\u0131. \u0130l\u00e7enin hakim tepesine 30 metreye 100 metre boyutlar\u0131nda devasa &#8220;\u00d6nce Vatan&#8221; yaz\u0131s\u0131 yaz\u0131larak boyand\u0131.<br \/>\n<br \/>Gen\u00e7lik ruhunu ve vatan sevgisini simgeleyen bu \u00f6zel \u00e7al\u0131\u015fma, b\u00f6lgedeki vatanda\u015flar\u0131n da b\u00fcy\u00fck takdirini toplad\u0131. Etkinli\u011fe verdikleri destekten dolay\u0131 Emirda\u011f Kaymakaml\u0131\u011f\u0131\u2019na te\u015fekk\u00fcr eden Gen\u00e7lik Merkezi yetkilileri, bu t\u00fcr faaliyetlerin gen\u00e7lerin milli ve manevi de\u011ferlerle ba\u011flar\u0131n\u0131 g\u00fc\u00e7lendirdi\u011fini vurgulad\u0131.<br \/><\/p>\n","protected":false},"excerpt":{"rendered":"<p>Afyonkarahisar Emirda\u011f Gen\u00e7lik Merkezi, g\u00f6n\u00fcll\u00fc gen\u00e7lerle birlikte anlaml\u0131 bir \u00e7al\u0131\u015fmaya imza att\u0131. \u0130l\u00e7enin hakim tepesine 30 metreye 100 metre boyutlar\u0131nda devasa &#8220;\u00d6nce Vatan&#8221; yaz\u0131s\u0131 yaz\u0131larak boyand\u0131. Gen\u00e7lik ruhunu ve vatan sevgisini simgeleyen bu \u00f6zel \u00e7al\u0131\u015fma, b\u00f6lgedeki vatanda\u015flar\u0131n da b\u00fcy\u00fck takdirini toplad\u0131. Etkinli\u011fe verdikleri destekten dolay\u0131 Emirda\u011f Kaymakaml\u0131\u011f\u0131\u2019na te\u015fekk\u00fcr eden Gen\u00e7lik Merkezi yetkilileri, bu t\u00fcr faaliyetlerin&#8230;<\/p>\n","protected":false},"author":1,"featured_media":30079,"comment_status":"open","ping_status":"open","sticky":false,"template":"","format":"standard","meta":{"_crdt_document":"","footnotes":""},"categories":[1],"tags":[],"class_list":["post-30078","post","type-post","status-publish","format-standard","has-post-thumbnail","hentry","category-guncel"],"_links":{"self":[{"href":"https:\/\/www.egemtv.com\/index.php?rest_route=\/wp\/v2\/posts\/30078","targetHints":{"allow":["GET"]}}],"collection":[{"href":"https:\/\/www.egemtv.com\/index.php?rest_route=\/wp\/v2\/posts"}],"about":[{"href":"https:\/\/www.egemtv.com\/index.php?rest_route=\/wp\/v2\/types\/post"}],"author":[{"embeddable":true,"href":"https:\/\/www.egemtv.com\/index.php?rest_route=\/wp\/v2\/users\/1"}],"replies":[{"embeddable":true,"href":"https:\/\/www.egemtv.com\/index.php?rest_route=%2Fwp%2Fv2%2Fcomments&post=30078"}],"version-history":[{"count":1,"href":"https:\/\/www.egemtv.com\/index.php?rest_route=\/wp\/v2\/posts\/30078\/revisions"}],"predecessor-version":[{"id":30080,"href":"https:\/\/www.egemtv.com\/index.php?rest_route=\/wp\/v2\/posts\/30078\/revisions\/30080"}],"wp:featuredmedia":[{"embeddable":true,"href":"https:\/\/www.egemtv.com\/index.php?rest_route=\/wp\/v2\/media\/30079"}],"wp:attachment":[{"href":"https:\/\/www.egemtv.com\/index.php?rest_route=%2Fwp%2Fv2%2Fmedia&parent=30078"}],"wp:term":[{"taxonomy":"category","embeddable":true,"href":"https:\/\/www.egemtv.com\/index.php?rest_route=%2Fwp%2Fv2%2Fcategories&post=30078"},{"taxonomy":"post_tag","embeddable":true,"href":"https:\/\/www.egemtv.com\/index.php?rest_route=%2Fwp%2Fv2%2Ftags&post=30078"}],"curies":[{"name":"wp","href":"https:\/\/api.w.org\/{rel}","templated":true}]}}