{"id":30075,"date":"2025-05-20T09:15:16","date_gmt":"2025-05-20T06:15:16","guid":{"rendered":"https:\/\/www.egemtv.com\/?p=30075"},"modified":"2025-05-20T09:15:23","modified_gmt":"2025-05-20T06:15:23","slug":"polis-memurlari-hayatlarini-birlestirdi-nikaha-vali-yigitbasi-sahitlik-etti","status":"publish","type":"post","link":"https:\/\/www.egemtv.com\/?p=30075","title":{"rendered":"Polis memurlar\u0131 hayatlar\u0131n\u0131 birle\u015ftirdi, nikaha Vali Yi\u011fitba\u015f\u0131 \u015fahitlik etti"},"content":{"rendered":"<p>Afyonkarahisar \u0130l Emniyet M\u00fcd\u00fcrl\u00fc\u011f\u00fc\u2019nde g\u00f6revli polis memurlar\u0131 Furkan Arslan ve K\u00fcbra Nur Karado\u011fan, unutulmaz bir nikah t\u00f6reniyle d\u00fcnyaevine girdi. Emniyet M\u00fcd\u00fcrl\u00fc\u011f\u00fc binas\u0131nda d\u00fczenlenen t\u00f6rene, mesai arkada\u015flar\u0131n\u0131n yan\u0131 s\u0131ra il protokol\u00fc de kat\u0131ld\u0131.<br \/>\n<br \/>Nikaha Afyonkarahisar Valisi Do\u00e7. Dr. K\u00fcbra G\u00fcran Yi\u011fitba\u015f\u0131 da kat\u0131larak \u00e7iftin mutlulu\u011funa tan\u0131kl\u0131k etti. Vali Yi\u011fitba\u015f\u0131\u2019n\u0131n \u015fahitli\u011finde ger\u00e7ekle\u015fen t\u00f6rende, \u00e7iftin birlikte &#8220;Evet&#8221; demesi salonda alk\u0131\u015flarla kar\u015f\u0131land\u0131. T\u00f6renin ard\u0131ndan konu\u015fan Vali Yi\u011fitba\u015f\u0131, \u00e7iftin hem meslek hayatlar\u0131nda hem de \u00f6zel ya\u015famlar\u0131nda dengeli ve huzurlu bir yol izlemelerinin \u00f6nemine dikkat \u00e7ekti. Nikah c\u00fczdan\u0131n\u0131 geline takdim eden Vali Yi\u011fitba\u015f\u0131, \u00e7ifte bir \u00f6m\u00fcr boyu mutluluklar diledi. T\u00f6rene kat\u0131lan Afyonkarahisar \u0130l M\u00fcft\u00fcs\u00fc L\u00fctf\u00fc \u0130mamo\u011flu da gen\u00e7 \u00e7ift i\u00e7in dua ederek, kuracaklar\u0131 yuvan\u0131n huzur ve hay\u0131r getirmesini temenni etti.<br \/><\/p>\n","protected":false},"excerpt":{"rendered":"<p>Afyonkarahisar \u0130l Emniyet M\u00fcd\u00fcrl\u00fc\u011f\u00fc\u2019nde g\u00f6revli polis memurlar\u0131 Furkan Arslan ve K\u00fcbra Nur Karado\u011fan, unutulmaz bir nikah t\u00f6reniyle d\u00fcnyaevine girdi. Emniyet M\u00fcd\u00fcrl\u00fc\u011f\u00fc binas\u0131nda d\u00fczenlenen t\u00f6rene, mesai arkada\u015flar\u0131n\u0131n yan\u0131 s\u0131ra il protokol\u00fc de kat\u0131ld\u0131. Nikaha Afyonkarahisar Valisi Do\u00e7. Dr. K\u00fcbra G\u00fcran Yi\u011fitba\u015f\u0131 da kat\u0131larak \u00e7iftin mutlulu\u011funa tan\u0131kl\u0131k etti. Vali Yi\u011fitba\u015f\u0131\u2019n\u0131n \u015fahitli\u011finde ger\u00e7ekle\u015fen t\u00f6rende, \u00e7iftin birlikte &#8220;Evet&#8221; demesi&#8230;<\/p>\n","protected":false},"author":1,"featured_media":30076,"comment_status":"open","ping_status":"open","sticky":false,"template":"","format":"standard","meta":{"_crdt_document":"","footnotes":""},"categories":[1],"tags":[],"class_list":["post-30075","post","type-post","status-publish","format-standard","has-post-thumbnail","hentry","category-guncel"],"_links":{"self":[{"href":"https:\/\/www.egemtv.com\/index.php?rest_route=\/wp\/v2\/posts\/30075","targetHints":{"allow":["GET"]}}],"collection":[{"href":"https:\/\/www.egemtv.com\/index.php?rest_route=\/wp\/v2\/posts"}],"about":[{"href":"https:\/\/www.egemtv.com\/index.php?rest_route=\/wp\/v2\/types\/post"}],"author":[{"embeddable":true,"href":"https:\/\/www.egemtv.com\/index.php?rest_route=\/wp\/v2\/users\/1"}],"replies":[{"embeddable":true,"href":"https:\/\/www.egemtv.com\/index.php?rest_route=%2Fwp%2Fv2%2Fcomments&post=30075"}],"version-history":[{"count":1,"href":"https:\/\/www.egemtv.com\/index.php?rest_route=\/wp\/v2\/posts\/30075\/revisions"}],"predecessor-version":[{"id":30077,"href":"https:\/\/www.egemtv.com\/index.php?rest_route=\/wp\/v2\/posts\/30075\/revisions\/30077"}],"wp:featuredmedia":[{"embeddable":true,"href":"https:\/\/www.egemtv.com\/index.php?rest_route=\/wp\/v2\/media\/30076"}],"wp:attachment":[{"href":"https:\/\/www.egemtv.com\/index.php?rest_route=%2Fwp%2Fv2%2Fmedia&parent=30075"}],"wp:term":[{"taxonomy":"category","embeddable":true,"href":"https:\/\/www.egemtv.com\/index.php?rest_route=%2Fwp%2Fv2%2Fcategories&post=30075"},{"taxonomy":"post_tag","embeddable":true,"href":"https:\/\/www.egemtv.com\/index.php?rest_route=%2Fwp%2Fv2%2Ftags&post=30075"}],"curies":[{"name":"wp","href":"https:\/\/api.w.org\/{rel}","templated":true}]}}