{"id":30072,"date":"2025-05-20T08:35:19","date_gmt":"2025-05-20T05:35:19","guid":{"rendered":"https:\/\/www.egemtv.com\/?p=30072"},"modified":"2025-05-20T08:35:26","modified_gmt":"2025-05-20T05:35:26","slug":"italyada-manisa-celal-bayar-universitesi-ruzgari-esti","status":"publish","type":"post","link":"https:\/\/www.egemtv.com\/?p=30072","title":{"rendered":"\u0130talya\u2019da Manisa Celal Bayar \u00dcniversitesi r\u00fczgar\u0131 esti"},"content":{"rendered":"<p>Son y\u0131llarda uluslararas\u0131 projelere a\u011f\u0131rl\u0131k veren Manisa Celal Bayar \u00dcniversitesi (MCB\u00dc), \u0130talya\u2019n\u0131n Ferrara kentinde bu y\u0131l ikincisi d\u00fczenlenen European Project Festivali\u2019ne kat\u0131ld\u0131. Festivalde MCB\u00dc \u0130leti\u015fim Fak\u00fcltesi Dekan\u0131 Prof. Dr. Meral \u00d6z\u00e7\u0131nar\u2019\u0131n sunumuyla, \u00fcniversitenin y\u00fcr\u00fctt\u00fc\u011f\u00fc projeler, akademik katk\u0131lar ve at\u00f6lye \u00e7al\u0131\u015fmalar\u0131 kat\u0131l\u0131mc\u0131lardan b\u00fcy\u00fck takdir toplad\u0131.<br \/>\n<br \/>Uluslararas\u0131la\u015fma, dijital d\u00f6n\u00fc\u015f\u00fcm ve Ar-Ge projelerine verdi\u011fi \u00f6nemi art\u0131ran Manisa Celal Bayar \u00dcniversitesi, akademik yelpazesini geni\u015fletiyor. Avrupa Birli\u011fi destekli projelerde hem y\u00fcr\u00fct\u00fcc\u00fc hem de ortak olarak aktif rol \u00fcstlenen \u00fcniversite, \u0130talya\u2019n\u0131n tarihi Ferrara kentinde bu y\u0131l ikincisi d\u00fczenlenen European Project Festivali\u2019ne kat\u0131ld\u0131. Ferrara \u00dcniversitesi\u2019nde d\u00fczenlenen festivalde MCB\u00dc\u2019y\u00fc \u0130leti\u015fim Fak\u00fcltesi Dekan\u0131 Prof. Dr. Meral \u00d6z\u00e7\u0131nar temsil etti. D\u00fcnyan\u0131n d\u00f6rt bir yan\u0131ndan festivale kat\u0131lan kurum temsilcilerine Prof. Dr. \u00d6z\u00e7\u0131nar taraf\u0131ndan, ba\u015far\u0131yla tamamlanan &#8220;Inorchetra&#8221; ve &#8220;Act-able&#8221; projelerinin yan\u0131 s\u0131ra halen devam eden &#8220;AnthropoScene&#8221; projesi kapsam\u0131nda hikaye anlat\u0131m\u0131 (storytelling) temal\u0131 be\u015f farkl\u0131 at\u00f6lye \u00e7al\u0131\u015fmas\u0131 d\u00fczenlendi. Bu at\u00f6lyelere \u0130talya, Hollanda ve Danimarka\u2019dan gelen proje uzmanlar\u0131 da aktif olarak kat\u0131ld\u0131. Festival, Avrupa genelinde y\u00fcr\u00fct\u00fclen Erasmus+ ve Creative Europe projelerinin iyi uygulama \u00f6rneklerinin payla\u015f\u0131lmas\u0131, yeni i\u015fbirliklerinin kurulmas\u0131 ve proje metotlar\u0131n\u0131n tart\u0131\u015f\u0131ld\u0131\u011f\u0131 \u00f6nemli bir bulu\u015fma noktas\u0131 oldu.<\/p>\n<p>MCB\u00dc uluslararas\u0131 projeye ev sahipli\u011fi yapacak<br \/>\n<br \/>MCB\u00dc\u2019n\u00fcn y\u00fcr\u00fct\u00fcc\u00fcs\u00fc oldu\u011fu, gen\u00e7lerin iklim de\u011fi\u015fikli\u011fi konusundaki kayg\u0131lar\u0131n\u0131 sanat yoluyla ifade etmelerine destek olmay\u0131 ama\u00e7layan &#8220;AnthropoScene&#8221; projesi kapsam\u0131nda, 2025 y\u0131l\u0131n\u0131n Ekim ay\u0131nda Manisa\u2019da uluslararas\u0131 bir proje toplant\u0131s\u0131 d\u00fczenlenecek. \u00dcniversitenin ev sahipli\u011finde ger\u00e7ekle\u015fecek bu toplant\u0131da 10 \u00fclkeden yakla\u015f\u0131k 50 kat\u0131l\u0131mc\u0131n\u0131n yer almas\u0131 bekleniyor. Bir haftal\u0131k bir e\u011fitim program\u0131 \u015feklinde planlanan etkinlik, \u00fcniversitenin proje kapasitesini ve akademik payda\u015fl\u0131k g\u00fcc\u00fcn\u00fc yans\u0131tacak.<br \/>\n<br \/>Manisa Celal Bayar \u00dcniversitesi olarak T\u00fcrkiye\u2019de oldu\u011fu gibi k\u00fcresel \u00f6l\u00e7ekte s\u00f6z sahibi olabilecek projelere imza atma hedefiyle \u00e7al\u0131\u015ft\u0131klar\u0131n\u0131 ifade eden MCB\u00dc Rekt\u00f6r\u00fc Prof. Dr. Rana Kibar, &#8220;Avrupa Birli\u011fi projelerinde aktif yer alarak hem \u00fcniversitemizin akademik kapasitesini hem de \u00fclkemizin uluslararas\u0131 g\u00f6r\u00fcn\u00fcrl\u00fc\u011f\u00fcn\u00fc art\u0131r\u0131yoruz. \u0130talya\u2019daki festivalde \u00fcniversitemizin ilgi g\u00f6rmesi, y\u00fcr\u00fctt\u00fc\u011f\u00fcm\u00fcz \u00e7al\u0131\u015fmalar\u0131n do\u011fru yolda oldu\u011funu g\u00f6steriyor. Bu ba\u015far\u0131da eme\u011fi ge\u00e7en t\u00fcm akademisyenlerimizi ve proje ekiplerimizi tebrik ediyorum. \u00d6n\u00fcm\u00fczdeki ekim ay\u0131nda \u00fcniversitemizin ev sahipli\u011finde ger\u00e7ekle\u015ftirece\u011fimiz uluslararas\u0131 toplant\u0131, Manisa\u2019n\u0131n ve MCB\u00dc\u2019n\u00fcn bilim ve k\u00fclt\u00fcr alan\u0131ndaki k\u00fcresel rol\u00fcne katk\u0131 sa\u011flamas\u0131n\u0131 temenni ediyorum&#8221; dedi.<br \/><\/p>\n","protected":false},"excerpt":{"rendered":"<p>Son y\u0131llarda uluslararas\u0131 projelere a\u011f\u0131rl\u0131k veren Manisa Celal Bayar \u00dcniversitesi (MCB\u00dc), \u0130talya\u2019n\u0131n Ferrara kentinde bu y\u0131l ikincisi d\u00fczenlenen European Project Festivali\u2019ne kat\u0131ld\u0131. Festivalde MCB\u00dc \u0130leti\u015fim Fak\u00fcltesi Dekan\u0131 Prof. Dr. Meral \u00d6z\u00e7\u0131nar\u2019\u0131n sunumuyla, \u00fcniversitenin y\u00fcr\u00fctt\u00fc\u011f\u00fc projeler, akademik katk\u0131lar ve at\u00f6lye \u00e7al\u0131\u015fmalar\u0131 kat\u0131l\u0131mc\u0131lardan b\u00fcy\u00fck takdir toplad\u0131. Uluslararas\u0131la\u015fma, dijital d\u00f6n\u00fc\u015f\u00fcm ve Ar-Ge projelerine verdi\u011fi \u00f6nemi art\u0131ran Manisa Celal&#8230;<\/p>\n","protected":false},"author":1,"featured_media":30073,"comment_status":"open","ping_status":"open","sticky":false,"template":"","format":"standard","meta":{"_crdt_document":"","footnotes":""},"categories":[1],"tags":[],"class_list":["post-30072","post","type-post","status-publish","format-standard","has-post-thumbnail","hentry","category-guncel"],"_links":{"self":[{"href":"https:\/\/www.egemtv.com\/index.php?rest_route=\/wp\/v2\/posts\/30072","targetHints":{"allow":["GET"]}}],"collection":[{"href":"https:\/\/www.egemtv.com\/index.php?rest_route=\/wp\/v2\/posts"}],"about":[{"href":"https:\/\/www.egemtv.com\/index.php?rest_route=\/wp\/v2\/types\/post"}],"author":[{"embeddable":true,"href":"https:\/\/www.egemtv.com\/index.php?rest_route=\/wp\/v2\/users\/1"}],"replies":[{"embeddable":true,"href":"https:\/\/www.egemtv.com\/index.php?rest_route=%2Fwp%2Fv2%2Fcomments&post=30072"}],"version-history":[{"count":1,"href":"https:\/\/www.egemtv.com\/index.php?rest_route=\/wp\/v2\/posts\/30072\/revisions"}],"predecessor-version":[{"id":30074,"href":"https:\/\/www.egemtv.com\/index.php?rest_route=\/wp\/v2\/posts\/30072\/revisions\/30074"}],"wp:featuredmedia":[{"embeddable":true,"href":"https:\/\/www.egemtv.com\/index.php?rest_route=\/wp\/v2\/media\/30073"}],"wp:attachment":[{"href":"https:\/\/www.egemtv.com\/index.php?rest_route=%2Fwp%2Fv2%2Fmedia&parent=30072"}],"wp:term":[{"taxonomy":"category","embeddable":true,"href":"https:\/\/www.egemtv.com\/index.php?rest_route=%2Fwp%2Fv2%2Fcategories&post=30072"},{"taxonomy":"post_tag","embeddable":true,"href":"https:\/\/www.egemtv.com\/index.php?rest_route=%2Fwp%2Fv2%2Ftags&post=30072"}],"curies":[{"name":"wp","href":"https:\/\/api.w.org\/{rel}","templated":true}]}}