{"id":30069,"date":"2025-05-20T01:35:37","date_gmt":"2025-05-19T22:35:37","guid":{"rendered":"https:\/\/www.egemtv.com\/?p=30069"},"modified":"2025-05-20T01:35:46","modified_gmt":"2025-05-19T22:35:46","slug":"bariyerlere-sikismis-motosikleti-trafik-ekiplerinin-dikkati-ortaya-cikardi","status":"publish","type":"post","link":"https:\/\/www.egemtv.com\/?p=30069","title":{"rendered":"Bariyerlere s\u0131k\u0131\u015fm\u0131\u015f motosikleti trafik ekiplerinin dikkati ortaya \u00e7\u0131kard\u0131"},"content":{"rendered":"<p>Ayd\u0131n-Mu\u011fla Karayolu \u00fczerindeki otoban ba\u011flant\u0131 yolunda, b\u00f6lge trafik devriye ekiplerinin dikkati sayesinde, bariyerlere s\u0131k\u0131\u015ft\u0131r\u0131lm\u0131\u015f halde terk edilmi\u015f bir motosiklet bulundu.<\/p>\n<p>Olay, Efeler il\u00e7esi Mu\u011fla Bulvar\u0131 \u00fczerindeki otoban ba\u011flant\u0131 yolunda meydana geldi. Edinilen bilgiye g\u00f6re b\u00f6lgede devriye gezen trafik ekipleri, bariyerlere s\u0131k\u0131\u015fm\u0131\u015f \u015fekilde bir motosiklet oldu\u011funu fark etti. Olay yerinde trafik g\u00fcvenli\u011fini alan ekipler, daha sonra motosikleti incelemeye ald\u0131. \u0130lk bak\u0131\u015fta kazaya kar\u0131\u015ft\u0131\u011f\u0131 san\u0131lan ve plakas\u0131z oldu\u011fu tespit edilen motosikletin, \u00e7evresinde ise herhangi bir ki\u015fi bulunamad\u0131. Yap\u0131lan incelemede, motosikletin bariyerlerden ge\u00e7irilmek istenildi\u011fi ancak ba\u015far\u0131l\u0131 olunamay\u0131nca olay yerinde b\u0131rak\u0131ld\u0131\u011f\u0131 d\u00fc\u015f\u00fcn\u00fcl\u00fcrken, ekiplerin dikkati sayesinde muhafaza alt\u0131na al\u0131nan plakas\u0131z motosiklet, \u00e7ekici marifetiyle otoparka \u00e7ekildi. Olayla ilgili inceleme ba\u015flatan b\u00f6lge trafik ekipleri, yapt\u0131klar\u0131 detayl\u0131 ara\u015ft\u0131rma sonucunda motosikletin sahibine k\u0131sa s\u00fcrede ula\u015f\u0131rken, \u015fahs\u0131n motosikleti otoparktan teslim alaca\u011f\u0131 \u00f6\u011frenildi.<br \/><\/p>\n","protected":false},"excerpt":{"rendered":"<p>Ayd\u0131n-Mu\u011fla Karayolu \u00fczerindeki otoban ba\u011flant\u0131 yolunda, b\u00f6lge trafik devriye ekiplerinin dikkati sayesinde, bariyerlere s\u0131k\u0131\u015ft\u0131r\u0131lm\u0131\u015f halde terk edilmi\u015f bir motosiklet bulundu. Olay, Efeler il\u00e7esi Mu\u011fla Bulvar\u0131 \u00fczerindeki otoban ba\u011flant\u0131 yolunda meydana geldi. Edinilen bilgiye g\u00f6re b\u00f6lgede devriye gezen trafik ekipleri, bariyerlere s\u0131k\u0131\u015fm\u0131\u015f \u015fekilde bir motosiklet oldu\u011funu fark etti. Olay yerinde trafik g\u00fcvenli\u011fini alan ekipler, daha sonra&#8230;<\/p>\n","protected":false},"author":1,"featured_media":30070,"comment_status":"open","ping_status":"open","sticky":false,"template":"","format":"standard","meta":{"_crdt_document":"","footnotes":""},"categories":[5],"tags":[],"class_list":["post-30069","post","type-post","status-publish","format-standard","has-post-thumbnail","hentry","category-asayis"],"_links":{"self":[{"href":"https:\/\/www.egemtv.com\/index.php?rest_route=\/wp\/v2\/posts\/30069","targetHints":{"allow":["GET"]}}],"collection":[{"href":"https:\/\/www.egemtv.com\/index.php?rest_route=\/wp\/v2\/posts"}],"about":[{"href":"https:\/\/www.egemtv.com\/index.php?rest_route=\/wp\/v2\/types\/post"}],"author":[{"embeddable":true,"href":"https:\/\/www.egemtv.com\/index.php?rest_route=\/wp\/v2\/users\/1"}],"replies":[{"embeddable":true,"href":"https:\/\/www.egemtv.com\/index.php?rest_route=%2Fwp%2Fv2%2Fcomments&post=30069"}],"version-history":[{"count":1,"href":"https:\/\/www.egemtv.com\/index.php?rest_route=\/wp\/v2\/posts\/30069\/revisions"}],"predecessor-version":[{"id":30071,"href":"https:\/\/www.egemtv.com\/index.php?rest_route=\/wp\/v2\/posts\/30069\/revisions\/30071"}],"wp:featuredmedia":[{"embeddable":true,"href":"https:\/\/www.egemtv.com\/index.php?rest_route=\/wp\/v2\/media\/30070"}],"wp:attachment":[{"href":"https:\/\/www.egemtv.com\/index.php?rest_route=%2Fwp%2Fv2%2Fmedia&parent=30069"}],"wp:term":[{"taxonomy":"category","embeddable":true,"href":"https:\/\/www.egemtv.com\/index.php?rest_route=%2Fwp%2Fv2%2Fcategories&post=30069"},{"taxonomy":"post_tag","embeddable":true,"href":"https:\/\/www.egemtv.com\/index.php?rest_route=%2Fwp%2Fv2%2Ftags&post=30069"}],"curies":[{"name":"wp","href":"https:\/\/api.w.org\/{rel}","templated":true}]}}