{"id":30066,"date":"2025-05-20T01:15:09","date_gmt":"2025-05-19T22:15:09","guid":{"rendered":"https:\/\/www.egemtv.com\/?p=30066"},"modified":"2025-05-20T01:15:14","modified_gmt":"2025-05-19T22:15:14","slug":"haluk-leventten-aydin-itirafi","status":"publish","type":"post","link":"https:\/\/www.egemtv.com\/?p=30066","title":{"rendered":"Haluk Levent\u2019ten &#8220;Ayd\u0131n&#8221; itiraf\u0131"},"content":{"rendered":"<p>Ayd\u0131n konserinde sevenleriyle bir araya gelen \u00fcnl\u00fc sanat\u00e7\u0131 Haluk Levent, &#8220;Organizat\u00f6r\u00fcme, \u2019Ayd\u0131n\u2019a gitmeyelim\u2019 dedim ama kar\u015f\u0131mda u\u00e7suz bucaks\u0131z bir Ayd\u0131n var.&#8221; diyerek vatanda\u015flar\u0131n g\u00f6sterdi\u011fi ilgiye te\u015fekk\u00fcr etti.<\/p>\n<p>19 May\u0131s Atat\u00fcrk\u2019\u00fc Anma, Gen\u00e7lik ve Spor Bayram\u0131 kapsam\u0131nda Ayd\u0131n B\u00fcy\u00fck\u015fehir Belediyesi taraf\u0131ndan ger\u00e7ekle\u015ftirilen konserde Ayd\u0131nl\u0131lar ile bir araya gelen \u00fcnl\u00fc sanat\u00e7\u0131 Haluk Levent, sevilen \u015fark\u0131lar\u0131n\u0131 Ayd\u0131nl\u0131lar i\u00e7in seslendirdi. Yakla\u015f\u0131k 40 bin ki\u015finin kat\u0131ld\u0131\u011f\u0131 konser alan\u0131nda Ayd\u0131nl\u0131lar\u0131n yo\u011fun ilgisi ile kar\u015f\u0131la\u015fan Haluk Levent, Ayd\u0131n\u2019a bir\u00e7ok kez geldi\u011fini ifade ederek sevenlerini \u015fa\u015f\u0131rtan bir itirafta bulundu. \u0130lk teklif geldi\u011fi zaman Ayd\u0131n\u2019a gelmek istemedi\u011fini ifade eden Levent, &#8220;Daha \u00f6nceki y\u0131llarda Ayd\u0131n\u2019a bir\u00e7ok kez geldim. Art\u0131k balkonlar\u0131 bile biliyorum. Bu sahneyi \u00e7ok iyi hat\u0131rl\u0131yorum. Ben organizat\u00f6re dedim ki, bu kez Ayd\u0131n\u2019a gitmeyelim. Ba\u015fka bir se\u00e7enek vard\u0131. \u00c7\u00fcnk\u00fc ben zaten oraya \u00e7ok gittim. Ayd\u0131n\u2019da olmayal\u0131m, bu kez kimse gelmez dedim. Her g\u00fcn ayn\u0131 \u015fark\u0131lar dinlenir mi? Her y\u0131l ayn\u0131 \u015fark\u0131lar dinlenmez. Ama sonra, \u015fu an sahneye \u00e7\u0131kt\u0131m bakt\u0131m. U\u00e7suz bucaks\u0131z bir Ayd\u0131n. Ger\u00e7ekten \u015f\u0131mart\u0131ld\u0131\u011f\u0131m\u0131 anlad\u0131m. \u015e\u0131mart\u0131yorsunuz beni. Sa\u011f olun, \u00e7ok te\u015fekk\u00fcr ediyorum&#8221; diyerek Ayd\u0131nl\u0131lara te\u015fekk\u00fcr etti.<br \/><\/p>\n","protected":false},"excerpt":{"rendered":"<p>Ayd\u0131n konserinde sevenleriyle bir araya gelen \u00fcnl\u00fc sanat\u00e7\u0131 Haluk Levent, &#8220;Organizat\u00f6r\u00fcme, \u2019Ayd\u0131n\u2019a gitmeyelim\u2019 dedim ama kar\u015f\u0131mda u\u00e7suz bucaks\u0131z bir Ayd\u0131n var.&#8221; diyerek vatanda\u015flar\u0131n g\u00f6sterdi\u011fi ilgiye te\u015fekk\u00fcr etti. 19 May\u0131s Atat\u00fcrk\u2019\u00fc Anma, Gen\u00e7lik ve Spor Bayram\u0131 kapsam\u0131nda Ayd\u0131n B\u00fcy\u00fck\u015fehir Belediyesi taraf\u0131ndan ger\u00e7ekle\u015ftirilen konserde Ayd\u0131nl\u0131lar ile bir araya gelen \u00fcnl\u00fc sanat\u00e7\u0131 Haluk Levent, sevilen \u015fark\u0131lar\u0131n\u0131 Ayd\u0131nl\u0131lar i\u00e7in&#8230;<\/p>\n","protected":false},"author":1,"featured_media":30067,"comment_status":"open","ping_status":"open","sticky":false,"template":"","format":"standard","meta":{"_crdt_document":"","footnotes":""},"categories":[1],"tags":[],"class_list":["post-30066","post","type-post","status-publish","format-standard","has-post-thumbnail","hentry","category-guncel"],"_links":{"self":[{"href":"https:\/\/www.egemtv.com\/index.php?rest_route=\/wp\/v2\/posts\/30066","targetHints":{"allow":["GET"]}}],"collection":[{"href":"https:\/\/www.egemtv.com\/index.php?rest_route=\/wp\/v2\/posts"}],"about":[{"href":"https:\/\/www.egemtv.com\/index.php?rest_route=\/wp\/v2\/types\/post"}],"author":[{"embeddable":true,"href":"https:\/\/www.egemtv.com\/index.php?rest_route=\/wp\/v2\/users\/1"}],"replies":[{"embeddable":true,"href":"https:\/\/www.egemtv.com\/index.php?rest_route=%2Fwp%2Fv2%2Fcomments&post=30066"}],"version-history":[{"count":1,"href":"https:\/\/www.egemtv.com\/index.php?rest_route=\/wp\/v2\/posts\/30066\/revisions"}],"predecessor-version":[{"id":30068,"href":"https:\/\/www.egemtv.com\/index.php?rest_route=\/wp\/v2\/posts\/30066\/revisions\/30068"}],"wp:featuredmedia":[{"embeddable":true,"href":"https:\/\/www.egemtv.com\/index.php?rest_route=\/wp\/v2\/media\/30067"}],"wp:attachment":[{"href":"https:\/\/www.egemtv.com\/index.php?rest_route=%2Fwp%2Fv2%2Fmedia&parent=30066"}],"wp:term":[{"taxonomy":"category","embeddable":true,"href":"https:\/\/www.egemtv.com\/index.php?rest_route=%2Fwp%2Fv2%2Fcategories&post=30066"},{"taxonomy":"post_tag","embeddable":true,"href":"https:\/\/www.egemtv.com\/index.php?rest_route=%2Fwp%2Fv2%2Ftags&post=30066"}],"curies":[{"name":"wp","href":"https:\/\/api.w.org\/{rel}","templated":true}]}}