{"id":30063,"date":"2025-05-20T00:34:38","date_gmt":"2025-05-19T21:34:38","guid":{"rendered":"https:\/\/www.egemtv.com\/?p=30063"},"modified":"2025-05-20T00:34:42","modified_gmt":"2025-05-19T21:34:42","slug":"tavsanlida-motosiklet-2-otomobile-carpti-1-yarali","status":"publish","type":"post","link":"https:\/\/www.egemtv.com\/?p=30063","title":{"rendered":"Tav\u015fanl\u0131\u2019da motosiklet 2 otomobile \u00e7arpt\u0131: 1 yaral\u0131"},"content":{"rendered":"<p>K\u00fctahya\u2019n\u0131n Tav\u015fanl\u0131 il\u00e7esinde motosikletin k\u0131rm\u0131z\u0131 \u0131\u015f\u0131kta bekleyen 2 otomobile \u00e7arparak devrilmesi  sonucu 1 ki\u015fi yaraland\u0131.<br \/>\n<br \/>Kaza, Tav\u015fanl\u0131 \u00e7evreyolu Kuru\u00e7ay I\u015f\u0131kl\u0131 Kav\u015fa\u011f\u0131\u2019nda meydana geldi. Edinilen bilgilere g\u00f6re, Mert A. idaresindeki 43 AFU 488 plakal\u0131 motosiklet, \u00f6nce k\u0131rm\u0131z\u0131 \u0131\u015f\u0131kta bekleyen Ceyhun \u00c7. idaresindeki 43 ABA 978 otomobile, ard\u0131ndan ayn\u0131 \u015fekilde k\u0131rm\u0131z\u0131 \u0131\u015f\u0131kta bekleyen \u00c7etin T. y\u00f6netimindeki 32 ABY 301 plakal\u0131 otomobile \u00e7arpt\u0131. Kaza motosiklet s\u00fcr\u00fcc\u00fcs\u00fc Mert A. yaraland\u0131. Yaral\u0131 s\u00fcr\u00fcc\u00fc ambulansla hastaneye kald\u0131r\u0131larak tedavi alt\u0131na al\u0131nd\u0131.<\/p>\n","protected":false},"excerpt":{"rendered":"<p>K\u00fctahya\u2019n\u0131n Tav\u015fanl\u0131 il\u00e7esinde motosikletin k\u0131rm\u0131z\u0131 \u0131\u015f\u0131kta bekleyen 2 otomobile \u00e7arparak devrilmesi sonucu 1 ki\u015fi yaraland\u0131. Kaza, Tav\u015fanl\u0131 \u00e7evreyolu Kuru\u00e7ay I\u015f\u0131kl\u0131 Kav\u015fa\u011f\u0131\u2019nda meydana geldi. Edinilen bilgilere g\u00f6re, Mert A. idaresindeki 43 AFU 488 plakal\u0131 motosiklet, \u00f6nce k\u0131rm\u0131z\u0131 \u0131\u015f\u0131kta bekleyen Ceyhun \u00c7. idaresindeki 43 ABA 978 otomobile, ard\u0131ndan ayn\u0131 \u015fekilde k\u0131rm\u0131z\u0131 \u0131\u015f\u0131kta bekleyen \u00c7etin T. y\u00f6netimindeki 32&#8230;<\/p>\n","protected":false},"author":1,"featured_media":30064,"comment_status":"open","ping_status":"open","sticky":false,"template":"","format":"standard","meta":{"_crdt_document":"","footnotes":""},"categories":[5],"tags":[],"class_list":["post-30063","post","type-post","status-publish","format-standard","has-post-thumbnail","hentry","category-asayis"],"_links":{"self":[{"href":"https:\/\/www.egemtv.com\/index.php?rest_route=\/wp\/v2\/posts\/30063","targetHints":{"allow":["GET"]}}],"collection":[{"href":"https:\/\/www.egemtv.com\/index.php?rest_route=\/wp\/v2\/posts"}],"about":[{"href":"https:\/\/www.egemtv.com\/index.php?rest_route=\/wp\/v2\/types\/post"}],"author":[{"embeddable":true,"href":"https:\/\/www.egemtv.com\/index.php?rest_route=\/wp\/v2\/users\/1"}],"replies":[{"embeddable":true,"href":"https:\/\/www.egemtv.com\/index.php?rest_route=%2Fwp%2Fv2%2Fcomments&post=30063"}],"version-history":[{"count":1,"href":"https:\/\/www.egemtv.com\/index.php?rest_route=\/wp\/v2\/posts\/30063\/revisions"}],"predecessor-version":[{"id":30065,"href":"https:\/\/www.egemtv.com\/index.php?rest_route=\/wp\/v2\/posts\/30063\/revisions\/30065"}],"wp:featuredmedia":[{"embeddable":true,"href":"https:\/\/www.egemtv.com\/index.php?rest_route=\/wp\/v2\/media\/30064"}],"wp:attachment":[{"href":"https:\/\/www.egemtv.com\/index.php?rest_route=%2Fwp%2Fv2%2Fmedia&parent=30063"}],"wp:term":[{"taxonomy":"category","embeddable":true,"href":"https:\/\/www.egemtv.com\/index.php?rest_route=%2Fwp%2Fv2%2Fcategories&post=30063"},{"taxonomy":"post_tag","embeddable":true,"href":"https:\/\/www.egemtv.com\/index.php?rest_route=%2Fwp%2Fv2%2Ftags&post=30063"}],"curies":[{"name":"wp","href":"https:\/\/api.w.org\/{rel}","templated":true}]}}