{"id":30060,"date":"2025-05-20T00:00:30","date_gmt":"2025-05-19T21:00:30","guid":{"rendered":"https:\/\/www.egemtv.com\/?p=30060"},"modified":"2025-05-20T00:00:35","modified_gmt":"2025-05-19T21:00:35","slug":"buyuksehir-19-mayis-bayramini-40-bin-aydinliyla-kutladi","status":"publish","type":"post","link":"https:\/\/www.egemtv.com\/?p=30060","title":{"rendered":"B\u00fcy\u00fck\u015fehir, 19 May\u0131s Bayram\u0131\u2019n\u0131 40 bin Ayd\u0131nl\u0131yla kutlad\u0131"},"content":{"rendered":"<p>Ayd\u0131n B\u00fcy\u00fck\u015fehir Belediyesi bu y\u0131l da 19 May\u0131s Atat\u00fcrk\u2019\u00fc Anma, Gen\u00e7lik ve Spor Bayram\u0131\u2019n\u0131 co\u015fkuyla kutlad\u0131. Kutlama etkinlikleri kapsam\u0131nda Atat\u00fcrk Kent Meydan\u0131\u2019nda d\u00fczenlenen Haluk Levent konserini 40 bine yak\u0131n Ayd\u0131nl\u0131 izledi. Konser esnas\u0131nda Atat\u00fcrk Kent Meydan\u0131\u2019nda bulunan havuzda d\u00fczenlenen \u0131\u015f\u0131k ve ate\u015f g\u00f6sterisi de izleyenleri mest etti.<br \/>\n<br \/>B\u00fcy\u00fck\u015fehir Belediyesi\u2019nin 19 May\u0131s Atat\u00fcrk\u2019\u00fc Anma, Gen\u00e7lik ve Spor Bayram\u0131 etkinlikleri kapsam\u0131nda d\u00fczenlenen konserde Haluk Levent Ayd\u0131nl\u0131lar ile bulu\u015ftu. Her ya\u015ftan vatanda\u015f\u0131n g\u00f6nl\u00fcnde taht kuran Haluk Levent, en g\u00fczel eserlerini Ayd\u0131n\u2019da seslendirdi.<br \/>\n<br \/>Ayd\u0131n B\u00fcy\u00fck\u015fehir Belediye Ba\u015fkan\u0131 \u00d6zlem \u00c7er\u00e7io\u011flu, &#8220;19 May\u0131s Atat\u00fcrk\u2019\u00fc Anma, Gen\u00e7lik ve Spor Bayram\u0131m\u0131z kutlu olsun&#8221; ifadelerini kulland\u0131 ve t\u00fcm gen\u00e7lerin bayram\u0131n\u0131 kutlad\u0131. Etkinli\u011fe kat\u0131lan vatanda\u015flar, kutlamalardan memnuniyet duyduklar\u0131n\u0131 belirterek Ba\u015fkan \u00c7er\u00e7io\u011flu\u2019na te\u015fekk\u00fcr etti.<br \/><\/p>\n","protected":false},"excerpt":{"rendered":"<p>Ayd\u0131n B\u00fcy\u00fck\u015fehir Belediyesi bu y\u0131l da 19 May\u0131s Atat\u00fcrk\u2019\u00fc Anma, Gen\u00e7lik ve Spor Bayram\u0131\u2019n\u0131 co\u015fkuyla kutlad\u0131. Kutlama etkinlikleri kapsam\u0131nda Atat\u00fcrk Kent Meydan\u0131\u2019nda d\u00fczenlenen Haluk Levent konserini 40 bine yak\u0131n Ayd\u0131nl\u0131 izledi. Konser esnas\u0131nda Atat\u00fcrk Kent Meydan\u0131\u2019nda bulunan havuzda d\u00fczenlenen \u0131\u015f\u0131k ve ate\u015f g\u00f6sterisi de izleyenleri mest etti. B\u00fcy\u00fck\u015fehir Belediyesi\u2019nin 19 May\u0131s Atat\u00fcrk\u2019\u00fc Anma, Gen\u00e7lik ve&#8230;<\/p>\n","protected":false},"author":1,"featured_media":30061,"comment_status":"open","ping_status":"open","sticky":false,"template":"","format":"standard","meta":{"_crdt_document":"","footnotes":""},"categories":[1],"tags":[],"class_list":["post-30060","post","type-post","status-publish","format-standard","has-post-thumbnail","hentry","category-guncel"],"_links":{"self":[{"href":"https:\/\/www.egemtv.com\/index.php?rest_route=\/wp\/v2\/posts\/30060","targetHints":{"allow":["GET"]}}],"collection":[{"href":"https:\/\/www.egemtv.com\/index.php?rest_route=\/wp\/v2\/posts"}],"about":[{"href":"https:\/\/www.egemtv.com\/index.php?rest_route=\/wp\/v2\/types\/post"}],"author":[{"embeddable":true,"href":"https:\/\/www.egemtv.com\/index.php?rest_route=\/wp\/v2\/users\/1"}],"replies":[{"embeddable":true,"href":"https:\/\/www.egemtv.com\/index.php?rest_route=%2Fwp%2Fv2%2Fcomments&post=30060"}],"version-history":[{"count":1,"href":"https:\/\/www.egemtv.com\/index.php?rest_route=\/wp\/v2\/posts\/30060\/revisions"}],"predecessor-version":[{"id":30062,"href":"https:\/\/www.egemtv.com\/index.php?rest_route=\/wp\/v2\/posts\/30060\/revisions\/30062"}],"wp:featuredmedia":[{"embeddable":true,"href":"https:\/\/www.egemtv.com\/index.php?rest_route=\/wp\/v2\/media\/30061"}],"wp:attachment":[{"href":"https:\/\/www.egemtv.com\/index.php?rest_route=%2Fwp%2Fv2%2Fmedia&parent=30060"}],"wp:term":[{"taxonomy":"category","embeddable":true,"href":"https:\/\/www.egemtv.com\/index.php?rest_route=%2Fwp%2Fv2%2Fcategories&post=30060"},{"taxonomy":"post_tag","embeddable":true,"href":"https:\/\/www.egemtv.com\/index.php?rest_route=%2Fwp%2Fv2%2Ftags&post=30060"}],"curies":[{"name":"wp","href":"https:\/\/api.w.org\/{rel}","templated":true}]}}