{"id":30057,"date":"2025-05-20T00:00:25","date_gmt":"2025-05-19T21:00:25","guid":{"rendered":"https:\/\/www.egemtv.com\/?p=30057"},"modified":"2025-05-20T00:00:30","modified_gmt":"2025-05-19T21:00:30","slug":"aizanoi-antik-kentinde-ziyaretci-sayisi-her-yil-artiyor","status":"publish","type":"post","link":"https:\/\/www.egemtv.com\/?p=30057","title":{"rendered":"Aizanoi Antik Kenti\u2019nde ziyaret\u00e7i say\u0131s\u0131 her y\u0131l art\u0131yor"},"content":{"rendered":"<p>MHP K\u00fctahya Milletvekili Ahmet Erba\u015f ve MHP Kocaeli Milletvekili Saffet Sancakl\u0131, K\u00fctahya\u2019n\u0131n \u00c7avdarhisar il\u00e7esinde bulunan Aizanoi Antik Kenti\u2019ni ziyaret etti. Milletvekilleri, antik kentin her ge\u00e7en y\u0131l artan ziyaret\u00e7i say\u0131s\u0131na dikkat \u00e7ekti.<br \/>\n<br \/>MHP K\u00fctahya Milletvekili Ahmet Erba\u015f, Aizanoi\u2019nin son y\u0131llarda b\u00fcy\u00fck bir ivme kazand\u0131\u011f\u0131n\u0131 vurgulayarak, &#8220;Her geli\u015fimde burayla biraz daha gurur duyuyorum, biraz daha heyecanlan\u0131yorum. Yakla\u015f\u0131k 10 y\u0131l \u00f6nce 3 bin ile 5 bin aras\u0131nda olan ziyaret\u00e7i say\u0131s\u0131, 2024 y\u0131l\u0131nda 100 bine ula\u015ft\u0131. 2025\u2019te bu say\u0131n\u0131n 150 bin ila 200 bin olmas\u0131 bekleniyor&#8221; dedi.<br \/>\n<br \/>Erba\u015f, bu ba\u015far\u0131da eme\u011fi ge\u00e7en K\u00fclt\u00fcr ve Turizm Bakanl\u0131\u011f\u0131\u2019na, Dumlup\u0131nar \u00dcniversitesi\u2019ndeki akademisyenlere ve yerel y\u00f6neticilere te\u015fekk\u00fcr etti. Aizanoi\u2019nin uluslararas\u0131 alanda da dikkat \u00e7ekti\u011fini belirten Erba\u015f, &#8220;Sadece ge\u00e7en y\u0131l buras\u0131 7 kez uluslararas\u0131 haberlere konu oldu. Efes ile e\u015fde\u011fer bir antik kentten s\u00f6z ediyoruz. \u015eu an g\u00f6r\u00fcnen yap\u0131, bu b\u00fcy\u00fck alan\u0131n yaln\u0131zca y\u00fczde 10-15\u2019ini olu\u015fturuyor&#8221; ifadelerini kulland\u0131.<br \/>\n<br \/>\u0130lk kez \u00c7avdarhisar Aizanoi Antik Kenti\u2019ni ziyaret eden MHP Kocaeli Milletvekili Saffet Sancakl\u0131 ise antik kentten etkilendi\u011fini belirterek, &#8220;Ger\u00e7ekten etkileyici bir yer. K\u00fctahya Milletvekilimiz Say\u0131n Ahmet Erba\u015f da bu b\u00f6lge i\u00e7in \u00e7ok b\u00fcy\u00fck bir \u015fans. Kendisini tebrik ediyorum&#8221; dedi.<br \/>\n<br \/>\u00c7avdarhisar Belediye Ba\u015fkan\u0131 Halil \u0130brahim Topba\u015f, Aizanoi\u2019nin tarihi ve turistik potansiyeline dikkat \u00e7ekerek, &#8220;\u0130l\u00e7emiz K\u00fctahya\u2019n\u0131n kuzeyinde, \u015fehir merkezine 50 kilometre uzakl\u0131kta. D\u00fcnyan\u0131n en iyi korunmu\u015f tap\u0131naklar\u0131ndan biri, bir tiyatro ve tarihin ilk ticaret merkezlerinden biri burada yer al\u0131yor&#8221; a\u00e7\u0131klamas\u0131nda bulundu.<br \/>\n<br \/>Topba\u015f, belediye olarak kaz\u0131lara verdikleri destekten ve yeni projelerden de s\u00f6z ederek, &#8220;Kar\u015f\u0131lama merkezine bir kafe a\u00e7may\u0131 ve kaymakaml\u0131\u011f\u0131m\u0131zca getirilen 10 Mo\u011fol \u00e7ad\u0131r\u0131yla kad\u0131nlara y\u00f6nelik bir istihdam modeli olu\u015fturmay\u0131 planl\u0131yoruz&#8221; diye konu\u015ftu.<br \/><\/p>\n","protected":false},"excerpt":{"rendered":"<p>MHP K\u00fctahya Milletvekili Ahmet Erba\u015f ve MHP Kocaeli Milletvekili Saffet Sancakl\u0131, K\u00fctahya\u2019n\u0131n \u00c7avdarhisar il\u00e7esinde bulunan Aizanoi Antik Kenti\u2019ni ziyaret etti. Milletvekilleri, antik kentin her ge\u00e7en y\u0131l artan ziyaret\u00e7i say\u0131s\u0131na dikkat \u00e7ekti. MHP K\u00fctahya Milletvekili Ahmet Erba\u015f, Aizanoi\u2019nin son y\u0131llarda b\u00fcy\u00fck bir ivme kazand\u0131\u011f\u0131n\u0131 vurgulayarak, &#8220;Her geli\u015fimde burayla biraz daha gurur duyuyorum, biraz daha heyecanlan\u0131yorum. Yakla\u015f\u0131k&#8230;<\/p>\n","protected":false},"author":1,"featured_media":30058,"comment_status":"open","ping_status":"open","sticky":false,"template":"","format":"standard","meta":{"_crdt_document":"","footnotes":""},"categories":[1],"tags":[],"class_list":["post-30057","post","type-post","status-publish","format-standard","has-post-thumbnail","hentry","category-guncel"],"_links":{"self":[{"href":"https:\/\/www.egemtv.com\/index.php?rest_route=\/wp\/v2\/posts\/30057","targetHints":{"allow":["GET"]}}],"collection":[{"href":"https:\/\/www.egemtv.com\/index.php?rest_route=\/wp\/v2\/posts"}],"about":[{"href":"https:\/\/www.egemtv.com\/index.php?rest_route=\/wp\/v2\/types\/post"}],"author":[{"embeddable":true,"href":"https:\/\/www.egemtv.com\/index.php?rest_route=\/wp\/v2\/users\/1"}],"replies":[{"embeddable":true,"href":"https:\/\/www.egemtv.com\/index.php?rest_route=%2Fwp%2Fv2%2Fcomments&post=30057"}],"version-history":[{"count":1,"href":"https:\/\/www.egemtv.com\/index.php?rest_route=\/wp\/v2\/posts\/30057\/revisions"}],"predecessor-version":[{"id":30059,"href":"https:\/\/www.egemtv.com\/index.php?rest_route=\/wp\/v2\/posts\/30057\/revisions\/30059"}],"wp:featuredmedia":[{"embeddable":true,"href":"https:\/\/www.egemtv.com\/index.php?rest_route=\/wp\/v2\/media\/30058"}],"wp:attachment":[{"href":"https:\/\/www.egemtv.com\/index.php?rest_route=%2Fwp%2Fv2%2Fmedia&parent=30057"}],"wp:term":[{"taxonomy":"category","embeddable":true,"href":"https:\/\/www.egemtv.com\/index.php?rest_route=%2Fwp%2Fv2%2Fcategories&post=30057"},{"taxonomy":"post_tag","embeddable":true,"href":"https:\/\/www.egemtv.com\/index.php?rest_route=%2Fwp%2Fv2%2Ftags&post=30057"}],"curies":[{"name":"wp","href":"https:\/\/api.w.org\/{rel}","templated":true}]}}