{"id":30039,"date":"2025-05-19T22:34:55","date_gmt":"2025-05-19T19:34:55","guid":{"rendered":"https:\/\/www.egemtv.com\/?p=30039"},"modified":"2025-05-19T22:34:58","modified_gmt":"2025-05-19T19:34:58","slug":"tavsanlida-elektrikli-motosiklet-devrildi-1-yarali","status":"publish","type":"post","link":"https:\/\/www.egemtv.com\/?p=30039","title":{"rendered":"Tav\u015fanl\u0131\u2019da elektrikli motosiklet devrildi: 1 yaral\u0131"},"content":{"rendered":"<p>K\u00fctahya\u2019n\u0131n Tav\u015fanl\u0131 il\u00e7esinde elektrikli motosikletin devrilmesi sonucu s\u00fcr\u00fcc\u00fc yaraland\u0131.<br \/>\n<br \/>Edinilen bilgilere g\u00f6re, Kavakl\u0131 Mahallesi hastane rampas\u0131nda Murat A. idaresindeki 43 AHD 477 plakal\u0131 elektrikli motosiklet, \u015eehit Uzman \u00c7avu\u015f Mustafa Alt\u0131nel Caddesi \u00fczerinde bulunan kesin viraja geldi\u011fi s\u0131rada devrildi. Kaza ihbar\u0131 \u00fczerine olay yerine sa\u011fl\u0131k ve polis ekipleri sevk edildi. Kazada yaralanan motosiklet s\u00fcr\u00fcc\u00fcs\u00fc, ilk m\u00fcdahalesinin ard\u0131ndan Tav\u015fanl\u0131 Do\u00e7. Dr. Mustafa Kalemli Devlet Hastanesine sevk edildi.<br \/>\n<br \/>Kazayla ilgili soru\u015fturma devam ediyor.<br \/><\/p>\n","protected":false},"excerpt":{"rendered":"<p>K\u00fctahya\u2019n\u0131n Tav\u015fanl\u0131 il\u00e7esinde elektrikli motosikletin devrilmesi sonucu s\u00fcr\u00fcc\u00fc yaraland\u0131. Edinilen bilgilere g\u00f6re, Kavakl\u0131 Mahallesi hastane rampas\u0131nda Murat A. idaresindeki 43 AHD 477 plakal\u0131 elektrikli motosiklet, \u015eehit Uzman \u00c7avu\u015f Mustafa Alt\u0131nel Caddesi \u00fczerinde bulunan kesin viraja geldi\u011fi s\u0131rada devrildi. Kaza ihbar\u0131 \u00fczerine olay yerine sa\u011fl\u0131k ve polis ekipleri sevk edildi. Kazada yaralanan motosiklet s\u00fcr\u00fcc\u00fcs\u00fc, ilk m\u00fcdahalesinin&#8230;<\/p>\n","protected":false},"author":1,"featured_media":30040,"comment_status":"open","ping_status":"open","sticky":false,"template":"","format":"standard","meta":{"_crdt_document":"","footnotes":""},"categories":[5],"tags":[],"class_list":["post-30039","post","type-post","status-publish","format-standard","has-post-thumbnail","hentry","category-asayis"],"_links":{"self":[{"href":"https:\/\/www.egemtv.com\/index.php?rest_route=\/wp\/v2\/posts\/30039","targetHints":{"allow":["GET"]}}],"collection":[{"href":"https:\/\/www.egemtv.com\/index.php?rest_route=\/wp\/v2\/posts"}],"about":[{"href":"https:\/\/www.egemtv.com\/index.php?rest_route=\/wp\/v2\/types\/post"}],"author":[{"embeddable":true,"href":"https:\/\/www.egemtv.com\/index.php?rest_route=\/wp\/v2\/users\/1"}],"replies":[{"embeddable":true,"href":"https:\/\/www.egemtv.com\/index.php?rest_route=%2Fwp%2Fv2%2Fcomments&post=30039"}],"version-history":[{"count":1,"href":"https:\/\/www.egemtv.com\/index.php?rest_route=\/wp\/v2\/posts\/30039\/revisions"}],"predecessor-version":[{"id":30041,"href":"https:\/\/www.egemtv.com\/index.php?rest_route=\/wp\/v2\/posts\/30039\/revisions\/30041"}],"wp:featuredmedia":[{"embeddable":true,"href":"https:\/\/www.egemtv.com\/index.php?rest_route=\/wp\/v2\/media\/30040"}],"wp:attachment":[{"href":"https:\/\/www.egemtv.com\/index.php?rest_route=%2Fwp%2Fv2%2Fmedia&parent=30039"}],"wp:term":[{"taxonomy":"category","embeddable":true,"href":"https:\/\/www.egemtv.com\/index.php?rest_route=%2Fwp%2Fv2%2Fcategories&post=30039"},{"taxonomy":"post_tag","embeddable":true,"href":"https:\/\/www.egemtv.com\/index.php?rest_route=%2Fwp%2Fv2%2Ftags&post=30039"}],"curies":[{"name":"wp","href":"https:\/\/api.w.org\/{rel}","templated":true}]}}