{"id":30036,"date":"2025-05-19T22:15:53","date_gmt":"2025-05-19T19:15:53","guid":{"rendered":"https:\/\/www.egemtv.com\/?p=30036"},"modified":"2025-05-19T22:15:58","modified_gmt":"2025-05-19T19:15:58","slug":"aydinda-18-yasindaki-genc-babasinin-beylik-tabancasi-ile-kendini-vurdu","status":"publish","type":"post","link":"https:\/\/www.egemtv.com\/?p=30036","title":{"rendered":"Ayd\u0131n\u2019da 18 ya\u015f\u0131ndaki gen\u00e7 babas\u0131n\u0131n beylik tabancas\u0131 ile kendini vurdu"},"content":{"rendered":"<p>Ayd\u0131n\u2019\u0131n Efeler il\u00e7esinde emekli polisin o\u011flu Turgay Y\u0131ld\u0131r\u0131m (18), babas\u0131n\u0131n beylik tabancas\u0131 ile kendini vurdu. Olayda 18 ya\u015f\u0131ndaki gencin hayat\u0131n\u0131 aybetmesi herkesi \u00fczd\u00fc.<br \/>\n<br \/>Olay, \u00c7e\u015ftepe Mahallesinde ya\u015fand\u0131. Babas\u0131 emekli polis olan Turgay Y\u0131ld\u0131r\u0131m, evde yaln\u0131z oldu\u011fy s\u0131rada babas\u0131na ait tabanca ile oynarken hen\u00fcz bilinmeyen bir nedenle kendini vurdu. Silah sesini duyanlar\u0131n ihbar\u0131 \u00fczerine olay yerine sa\u011fl\u0131k ve polis ekipleri sevk edildi. Olay yerine gelen sa\u011fl\u0131k ekipleri, gencin hayat\u0131n\u0131 kaybetti\u011fini belirledi. Eve gelen aile sinir krizi ge\u00e7irdi. Polis olayla ilgili inceleme ba\u015flatt\u0131.<br \/><\/p>\n","protected":false},"excerpt":{"rendered":"<p>Ayd\u0131n\u2019\u0131n Efeler il\u00e7esinde emekli polisin o\u011flu Turgay Y\u0131ld\u0131r\u0131m (18), babas\u0131n\u0131n beylik tabancas\u0131 ile kendini vurdu. Olayda 18 ya\u015f\u0131ndaki gencin hayat\u0131n\u0131 aybetmesi herkesi \u00fczd\u00fc. Olay, \u00c7e\u015ftepe Mahallesinde ya\u015fand\u0131. Babas\u0131 emekli polis olan Turgay Y\u0131ld\u0131r\u0131m, evde yaln\u0131z oldu\u011fy s\u0131rada babas\u0131na ait tabanca ile oynarken hen\u00fcz bilinmeyen bir nedenle kendini vurdu. Silah sesini duyanlar\u0131n ihbar\u0131 \u00fczerine olay yerine&#8230;<\/p>\n","protected":false},"author":1,"featured_media":30037,"comment_status":"open","ping_status":"open","sticky":false,"template":"","format":"standard","meta":{"_crdt_document":"","footnotes":""},"categories":[5],"tags":[],"class_list":["post-30036","post","type-post","status-publish","format-standard","has-post-thumbnail","hentry","category-asayis"],"_links":{"self":[{"href":"https:\/\/www.egemtv.com\/index.php?rest_route=\/wp\/v2\/posts\/30036","targetHints":{"allow":["GET"]}}],"collection":[{"href":"https:\/\/www.egemtv.com\/index.php?rest_route=\/wp\/v2\/posts"}],"about":[{"href":"https:\/\/www.egemtv.com\/index.php?rest_route=\/wp\/v2\/types\/post"}],"author":[{"embeddable":true,"href":"https:\/\/www.egemtv.com\/index.php?rest_route=\/wp\/v2\/users\/1"}],"replies":[{"embeddable":true,"href":"https:\/\/www.egemtv.com\/index.php?rest_route=%2Fwp%2Fv2%2Fcomments&post=30036"}],"version-history":[{"count":1,"href":"https:\/\/www.egemtv.com\/index.php?rest_route=\/wp\/v2\/posts\/30036\/revisions"}],"predecessor-version":[{"id":30038,"href":"https:\/\/www.egemtv.com\/index.php?rest_route=\/wp\/v2\/posts\/30036\/revisions\/30038"}],"wp:featuredmedia":[{"embeddable":true,"href":"https:\/\/www.egemtv.com\/index.php?rest_route=\/wp\/v2\/media\/30037"}],"wp:attachment":[{"href":"https:\/\/www.egemtv.com\/index.php?rest_route=%2Fwp%2Fv2%2Fmedia&parent=30036"}],"wp:term":[{"taxonomy":"category","embeddable":true,"href":"https:\/\/www.egemtv.com\/index.php?rest_route=%2Fwp%2Fv2%2Fcategories&post=30036"},{"taxonomy":"post_tag","embeddable":true,"href":"https:\/\/www.egemtv.com\/index.php?rest_route=%2Fwp%2Fv2%2Ftags&post=30036"}],"curies":[{"name":"wp","href":"https:\/\/api.w.org\/{rel}","templated":true}]}}