{"id":30033,"date":"2025-05-19T21:55:58","date_gmt":"2025-05-19T18:55:58","guid":{"rendered":"https:\/\/www.egemtv.com\/?p=30033"},"modified":"2025-05-19T21:56:03","modified_gmt":"2025-05-19T18:56:03","slug":"aydinda-19-mayis-kutlamalari-fener-alayiyla-taclandi","status":"publish","type":"post","link":"https:\/\/www.egemtv.com\/?p=30033","title":{"rendered":"Ayd\u0131n\u2019da 19 May\u0131s kutlamalar\u0131 fener alay\u0131yla ta\u00e7land\u0131"},"content":{"rendered":"<p>Ayd\u0131n\u2019da 19 May\u0131s Atat\u00fcrk\u2019\u00fc Anma Gen\u00e7lik ve Spor Bayram\u0131\u2019n\u0131 t\u00fcm g\u00fcn kutlayan vatanda\u015flar, d\u00fczenlenen fener alay\u0131 ile 19 May\u0131s co\u015fkusunu ta\u00e7land\u0131rd\u0131.<br \/>\n<br \/>\u00dclke genelinde oldu\u011fu gibi Ayd\u0131n\u2019da da 19 May\u0131s Atat\u00fcrk\u2019\u00fc Anma Gen\u00e7lik ve Spor Bayram\u0131\u2019n\u0131n 106\u2019nc\u0131 y\u0131l\u0131, t\u00fcm g\u00fcne yay\u0131lan etkinliklerle co\u015fkuyla kutland\u0131. G\u00fcn i\u00e7erisinde d\u00fczenlenen kutlama etkinlikleriyle ba\u011f\u0131ms\u0131zl\u0131\u011f\u0131n \u00f6nemine vurgu yap\u0131lan Ayd\u0131n\u2019da 19 May\u0131s co\u015fkusu fener alay\u0131 ile ta\u00e7land\u0131r\u0131ld\u0131. Ayd\u0131n Gen\u00e7lik ve Spor \u0130l M\u00fcd\u00fcrl\u00fc\u011f\u00fc koordinesinde ger\u00e7ekle\u015ftirilen ve Atat\u00fcrk Kapal\u0131 Spor Salonu\u2019nun \u00f6n\u00fcnden ba\u015flayan fener alay\u0131na \u00e7ok say\u0131da vatanda\u015f kat\u0131ld\u0131. Havan\u0131n kararmaya ba\u015flamas\u0131yla birlikte ba\u015flayan y\u00fcr\u00fcy\u00fc\u015fte fenerleri yakan vatanda\u015flar bir yandan da T\u00fcrk bayra\u011f\u0131 ve Ulu \u00d6nder Gazi Mustafa Kemal Atat\u00fcrk posterleri ta\u015f\u0131d\u0131. Mar\u015flar e\u015fli\u011finde ger\u00e7ekle\u015ftirilen y\u00fcr\u00fcy\u00fc\u015f, Ta\u015fl\u0131bo\u011faz Bulvar\u0131 Kav\u015fa\u011f\u0131\u2019nda son buldu. Y\u00fcr\u00fcy\u00fc\u015f boyunca kald\u0131r\u0131mlarda ve evlerinde bulunan vatanda\u015flar da fener alay\u0131na alk\u0131\u015flarla destek verdi.<br \/><\/p>\n","protected":false},"excerpt":{"rendered":"<p>Ayd\u0131n\u2019da 19 May\u0131s Atat\u00fcrk\u2019\u00fc Anma Gen\u00e7lik ve Spor Bayram\u0131\u2019n\u0131 t\u00fcm g\u00fcn kutlayan vatanda\u015flar, d\u00fczenlenen fener alay\u0131 ile 19 May\u0131s co\u015fkusunu ta\u00e7land\u0131rd\u0131. \u00dclke genelinde oldu\u011fu gibi Ayd\u0131n\u2019da da 19 May\u0131s Atat\u00fcrk\u2019\u00fc Anma Gen\u00e7lik ve Spor Bayram\u0131\u2019n\u0131n 106\u2019nc\u0131 y\u0131l\u0131, t\u00fcm g\u00fcne yay\u0131lan etkinliklerle co\u015fkuyla kutland\u0131. G\u00fcn i\u00e7erisinde d\u00fczenlenen kutlama etkinlikleriyle ba\u011f\u0131ms\u0131zl\u0131\u011f\u0131n \u00f6nemine vurgu yap\u0131lan Ayd\u0131n\u2019da 19 May\u0131s&#8230;<\/p>\n","protected":false},"author":1,"featured_media":30034,"comment_status":"open","ping_status":"open","sticky":false,"template":"","format":"standard","meta":{"_crdt_document":"","footnotes":""},"categories":[1],"tags":[],"class_list":["post-30033","post","type-post","status-publish","format-standard","has-post-thumbnail","hentry","category-guncel"],"_links":{"self":[{"href":"https:\/\/www.egemtv.com\/index.php?rest_route=\/wp\/v2\/posts\/30033","targetHints":{"allow":["GET"]}}],"collection":[{"href":"https:\/\/www.egemtv.com\/index.php?rest_route=\/wp\/v2\/posts"}],"about":[{"href":"https:\/\/www.egemtv.com\/index.php?rest_route=\/wp\/v2\/types\/post"}],"author":[{"embeddable":true,"href":"https:\/\/www.egemtv.com\/index.php?rest_route=\/wp\/v2\/users\/1"}],"replies":[{"embeddable":true,"href":"https:\/\/www.egemtv.com\/index.php?rest_route=%2Fwp%2Fv2%2Fcomments&post=30033"}],"version-history":[{"count":1,"href":"https:\/\/www.egemtv.com\/index.php?rest_route=\/wp\/v2\/posts\/30033\/revisions"}],"predecessor-version":[{"id":30035,"href":"https:\/\/www.egemtv.com\/index.php?rest_route=\/wp\/v2\/posts\/30033\/revisions\/30035"}],"wp:featuredmedia":[{"embeddable":true,"href":"https:\/\/www.egemtv.com\/index.php?rest_route=\/wp\/v2\/media\/30034"}],"wp:attachment":[{"href":"https:\/\/www.egemtv.com\/index.php?rest_route=%2Fwp%2Fv2%2Fmedia&parent=30033"}],"wp:term":[{"taxonomy":"category","embeddable":true,"href":"https:\/\/www.egemtv.com\/index.php?rest_route=%2Fwp%2Fv2%2Fcategories&post=30033"},{"taxonomy":"post_tag","embeddable":true,"href":"https:\/\/www.egemtv.com\/index.php?rest_route=%2Fwp%2Fv2%2Ftags&post=30033"}],"curies":[{"name":"wp","href":"https:\/\/api.w.org\/{rel}","templated":true}]}}