{"id":30015,"date":"2025-05-19T19:19:00","date_gmt":"2025-05-19T16:19:00","guid":{"rendered":"https:\/\/www.egemtv.com\/?p=30015"},"modified":"2025-05-19T19:19:05","modified_gmt":"2025-05-19T16:19:05","slug":"evde-cikan-yanginda-92-yasindaki-adam-hayatini-kaybetti","status":"publish","type":"post","link":"https:\/\/www.egemtv.com\/?p=30015","title":{"rendered":"Evde \u00e7\u0131kan yang\u0131nda 92 ya\u015f\u0131ndaki adam hayat\u0131n\u0131 kaybetti"},"content":{"rendered":"<p>U\u015fak\u2019\u0131n Sivasl\u0131 il\u00e7esine ba\u011fl\u0131 Yenierice k\u00f6y\u00fcnde evde \u00e7\u0131kan yang\u0131nda 92 ya\u015f\u0131ndaki adam hayat\u0131n\u0131 kaybetti.<br \/>\n<br \/>Edinilen bilgilere g\u00f6re, U\u015fak\u2019\u0131n Sivasl\u0131 il\u00e7esine ba\u011fl\u0131 Yenierice k\u00f6y\u00fcnde tek katl\u0131 evde hen\u00fcz belirlenemeyen nedenle alevler y\u00fckseldi. K\u0131sa s\u00fcrede alevler b\u00fct\u00fcn evi sard\u0131.<br \/>\n<br \/>Alevlerin y\u00fckseldi\u011fini g\u00f6ren \u00e7evredeki vatanda\u015flar\u0131n durumu 112 Acil \u00c7a\u011fr\u0131 Merkezi\u2019ne bildirmesi \u00fczerine olay yerine 112 Sa\u011fl\u0131k, jandarma ve itfaiye ekipleri sevk edildi. Olay yerine intikal eden itfaiye ekipleri yang\u0131n\u0131 k\u0131sa s\u00fcrede s\u00f6nd\u00fcr\u00fcrken, so\u011futma \u00e7al\u0131\u015fmalar\u0131 s\u0131ras\u0131nda evde yaln\u0131z ya\u015fayan Mehmet Ali \u00d6z\u00e7ak\u0131r\u2019\u0131n (92) yanarak hayat\u0131n\u0131 kaybetti\u011fini belirledi.<br \/>\n<br \/>Olay yerinde yap\u0131lan incelemelerin ard\u0131ndan \u00d6z\u00e7ak\u0131r\u2019\u0131n cenazesi U\u015fak E\u011fitim ve Ara\u015ft\u0131rma Hastanesi morguna kald\u0131r\u0131ld\u0131.<br \/><\/p>\n","protected":false},"excerpt":{"rendered":"<p>U\u015fak\u2019\u0131n Sivasl\u0131 il\u00e7esine ba\u011fl\u0131 Yenierice k\u00f6y\u00fcnde evde \u00e7\u0131kan yang\u0131nda 92 ya\u015f\u0131ndaki adam hayat\u0131n\u0131 kaybetti. Edinilen bilgilere g\u00f6re, U\u015fak\u2019\u0131n Sivasl\u0131 il\u00e7esine ba\u011fl\u0131 Yenierice k\u00f6y\u00fcnde tek katl\u0131 evde hen\u00fcz belirlenemeyen nedenle alevler y\u00fckseldi. K\u0131sa s\u00fcrede alevler b\u00fct\u00fcn evi sard\u0131. Alevlerin y\u00fckseldi\u011fini g\u00f6ren \u00e7evredeki vatanda\u015flar\u0131n durumu 112 Acil \u00c7a\u011fr\u0131 Merkezi\u2019ne bildirmesi \u00fczerine olay yerine 112 Sa\u011fl\u0131k, jandarma ve&#8230;<\/p>\n","protected":false},"author":1,"featured_media":30016,"comment_status":"open","ping_status":"open","sticky":false,"template":"","format":"standard","meta":{"_crdt_document":"","footnotes":""},"categories":[5],"tags":[],"class_list":["post-30015","post","type-post","status-publish","format-standard","has-post-thumbnail","hentry","category-asayis"],"_links":{"self":[{"href":"https:\/\/www.egemtv.com\/index.php?rest_route=\/wp\/v2\/posts\/30015","targetHints":{"allow":["GET"]}}],"collection":[{"href":"https:\/\/www.egemtv.com\/index.php?rest_route=\/wp\/v2\/posts"}],"about":[{"href":"https:\/\/www.egemtv.com\/index.php?rest_route=\/wp\/v2\/types\/post"}],"author":[{"embeddable":true,"href":"https:\/\/www.egemtv.com\/index.php?rest_route=\/wp\/v2\/users\/1"}],"replies":[{"embeddable":true,"href":"https:\/\/www.egemtv.com\/index.php?rest_route=%2Fwp%2Fv2%2Fcomments&post=30015"}],"version-history":[{"count":1,"href":"https:\/\/www.egemtv.com\/index.php?rest_route=\/wp\/v2\/posts\/30015\/revisions"}],"predecessor-version":[{"id":30017,"href":"https:\/\/www.egemtv.com\/index.php?rest_route=\/wp\/v2\/posts\/30015\/revisions\/30017"}],"wp:featuredmedia":[{"embeddable":true,"href":"https:\/\/www.egemtv.com\/index.php?rest_route=\/wp\/v2\/media\/30016"}],"wp:attachment":[{"href":"https:\/\/www.egemtv.com\/index.php?rest_route=%2Fwp%2Fv2%2Fmedia&parent=30015"}],"wp:term":[{"taxonomy":"category","embeddable":true,"href":"https:\/\/www.egemtv.com\/index.php?rest_route=%2Fwp%2Fv2%2Fcategories&post=30015"},{"taxonomy":"post_tag","embeddable":true,"href":"https:\/\/www.egemtv.com\/index.php?rest_route=%2Fwp%2Fv2%2Ftags&post=30015"}],"curies":[{"name":"wp","href":"https:\/\/api.w.org\/{rel}","templated":true}]}}