{"id":30012,"date":"2025-05-19T19:18:56","date_gmt":"2025-05-19T16:18:56","guid":{"rendered":"https:\/\/www.egemtv.com\/?p=30012"},"modified":"2025-05-19T19:19:00","modified_gmt":"2025-05-19T16:19:00","slug":"yaz-sezonu-bodrumda-gorkemli-geceyle-basladi","status":"publish","type":"post","link":"https:\/\/www.egemtv.com\/?p=30012","title":{"rendered":"Yaz sezonu Bodrum\u2019da g\u00f6rkemli geceyle ba\u015flad\u0131"},"content":{"rendered":"<p>Bodrum\u2019da turizm sezonu, Baia Bodrum Hotel\u2019in ev sahipli\u011finde d\u00fczenlenen &#8220;Yaza Merhaba Partisi&#8221; ile a\u00e7\u0131ld\u0131.<\/p>\n<p>Baia Bodrum\u2019un a\u00e7\u0131k alanlar\u0131nda ger\u00e7ekle\u015ftirilen etkinli\u011fe, sanat, turizm ve i\u015f d\u00fcnyas\u0131ndan \u00e7ok say\u0131da davetli kat\u0131ld\u0131. Ege Denizi manzaras\u0131 e\u015fli\u011finde organize edilen gecede, do\u011fayla i\u00e7 i\u00e7e atmosfer dikkat \u00e7ekti. Sunuculu\u011funu A\u00e7elya Elmas\u2019\u0131n \u00fcstlendi\u011fi gecede, sahneye s\u0131ras\u0131yla Sinan G\u00fclery\u00fcz, Asl\u0131 Cevri, Yorgo Kertis ve DJ Gino \u00e7\u0131kt\u0131. M\u00fczik performanslar\u0131yla e\u011flence sabah saatlerine kadar s\u00fcrd\u00fc.<\/p>\n<p>Etkinli\u011fe otel yat\u0131r\u0131mc\u0131lar\u0131, tur operat\u00f6rleri, acente temsilcileri, yerel y\u00f6neticiler ve b\u00f6lgedeki i\u015f insanlar\u0131 yo\u011fun ilgi g\u00f6sterdi. Sezonun ilk b\u00fcy\u00fck bulu\u015fmas\u0131nda sekt\u00f6rel temaslar kuruldu.<\/p>\n<p>Geceye damgas\u0131n\u0131 vuran anlardan biri, Harley-Davidson tutkunlar\u0131ndan olu\u015fan HOG Bodrum Grubu\u2019nun otel giri\u015finde ger\u00e7ekle\u015ftirdi\u011fi kortej oldu. Motorlar\u0131n ge\u00e7i\u015fi konuklar taraf\u0131ndan ilgiyle izlendi.<\/p>\n<p>K\u0131rm\u0131z\u0131 hal\u0131 ge\u00e7i\u015fiyle ba\u015flayan organizasyonda, Baia Bodrum\u2019un \u00f6zenle haz\u0131rlad\u0131\u011f\u0131 dekorlar, \u00e7i\u00e7ek aranjmanlar\u0131, foto\u011fraf alanlar\u0131 ve \u00f6zel kokteyller dikkat \u00e7ekti. Majore Dans Grubu\u2019nun sahne performans\u0131 geceye hareket katt\u0131.<\/p>\n<p>Baia Bodrum Hotel Genel M\u00fcd\u00fcr\u00fc Erdem Ba\u015far\u0131r, yapt\u0131\u011f\u0131 a\u00e7\u0131klamada, &#8220;Bu geceyle birlikte sadece yaz\u0131 kar\u015f\u0131lamad\u0131k, hat\u0131ralar olu\u015fturduk, ba\u011flar kurduk&#8221; dedi. Otelin yaz boyunca \u00e7e\u015fitli etkinliklerle misafirlerini a\u011f\u0131rlamaya devam edece\u011fi bildirildi.<br \/><\/p>\n","protected":false},"excerpt":{"rendered":"<p>Bodrum\u2019da turizm sezonu, Baia Bodrum Hotel\u2019in ev sahipli\u011finde d\u00fczenlenen &#8220;Yaza Merhaba Partisi&#8221; ile a\u00e7\u0131ld\u0131. Baia Bodrum\u2019un a\u00e7\u0131k alanlar\u0131nda ger\u00e7ekle\u015ftirilen etkinli\u011fe, sanat, turizm ve i\u015f d\u00fcnyas\u0131ndan \u00e7ok say\u0131da davetli kat\u0131ld\u0131. Ege Denizi manzaras\u0131 e\u015fli\u011finde organize edilen gecede, do\u011fayla i\u00e7 i\u00e7e atmosfer dikkat \u00e7ekti. Sunuculu\u011funu A\u00e7elya Elmas\u2019\u0131n \u00fcstlendi\u011fi gecede, sahneye s\u0131ras\u0131yla Sinan G\u00fclery\u00fcz, Asl\u0131 Cevri, Yorgo Kertis&#8230;<\/p>\n","protected":false},"author":1,"featured_media":30013,"comment_status":"open","ping_status":"open","sticky":false,"template":"","format":"standard","meta":{"_crdt_document":"","footnotes":""},"categories":[1],"tags":[],"class_list":["post-30012","post","type-post","status-publish","format-standard","has-post-thumbnail","hentry","category-guncel"],"_links":{"self":[{"href":"https:\/\/www.egemtv.com\/index.php?rest_route=\/wp\/v2\/posts\/30012","targetHints":{"allow":["GET"]}}],"collection":[{"href":"https:\/\/www.egemtv.com\/index.php?rest_route=\/wp\/v2\/posts"}],"about":[{"href":"https:\/\/www.egemtv.com\/index.php?rest_route=\/wp\/v2\/types\/post"}],"author":[{"embeddable":true,"href":"https:\/\/www.egemtv.com\/index.php?rest_route=\/wp\/v2\/users\/1"}],"replies":[{"embeddable":true,"href":"https:\/\/www.egemtv.com\/index.php?rest_route=%2Fwp%2Fv2%2Fcomments&post=30012"}],"version-history":[{"count":1,"href":"https:\/\/www.egemtv.com\/index.php?rest_route=\/wp\/v2\/posts\/30012\/revisions"}],"predecessor-version":[{"id":30014,"href":"https:\/\/www.egemtv.com\/index.php?rest_route=\/wp\/v2\/posts\/30012\/revisions\/30014"}],"wp:featuredmedia":[{"embeddable":true,"href":"https:\/\/www.egemtv.com\/index.php?rest_route=\/wp\/v2\/media\/30013"}],"wp:attachment":[{"href":"https:\/\/www.egemtv.com\/index.php?rest_route=%2Fwp%2Fv2%2Fmedia&parent=30012"}],"wp:term":[{"taxonomy":"category","embeddable":true,"href":"https:\/\/www.egemtv.com\/index.php?rest_route=%2Fwp%2Fv2%2Fcategories&post=30012"},{"taxonomy":"post_tag","embeddable":true,"href":"https:\/\/www.egemtv.com\/index.php?rest_route=%2Fwp%2Fv2%2Ftags&post=30012"}],"curies":[{"name":"wp","href":"https:\/\/api.w.org\/{rel}","templated":true}]}}