{"id":30009,"date":"2025-05-19T19:18:51","date_gmt":"2025-05-19T16:18:51","guid":{"rendered":"https:\/\/www.egemtv.com\/?p=30009"},"modified":"2025-05-19T19:18:56","modified_gmt":"2025-05-19T16:18:56","slug":"muglada-kadina-siddete-3-tutuklama","status":"publish","type":"post","link":"https:\/\/www.egemtv.com\/?p=30009","title":{"rendered":"Mu\u011fla\u2019da kad\u0131na \u015fiddete 3 tutuklama"},"content":{"rendered":"<p>Mu\u011fla\u2019n\u0131n Fethiye il\u00e7esinde akaryak\u0131t istasyonunda bir kad\u0131n\u0131n darp edilmesi \u00fczerine harekete ge\u00e7en polis ekipleri, 3 \u015f\u00fcpheliyi k\u0131sa s\u00fcrede yakalad\u0131. Adliyeye sevk edilen \u015fah\u0131slar, tutuklanarak cezaevine g\u00f6nderildi.<br \/>\n<br \/>Edinilen bilgilere g\u00f6re, Fethiye\u2019de bir akaryak\u0131t istasyonunda P.D. (46) isimli kad\u0131n, S.S. (21), H.A. (20) ve T.A. (22) taraf\u0131ndan darp edildi. Olay\u0131n ard\u0131ndan harekete ge\u00e7en Fethiye \u0130l\u00e7e Emniyet M\u00fcd\u00fcrl\u00fc\u011f\u00fc ekipleri, \u015f\u00fcphelileri k\u0131sa s\u00fcrede yakalayarak g\u00f6zalt\u0131na ald\u0131. Emniyetteki i\u015flemleri tamamlanan 3 \u015fah\u0131s, adliyeye sevk edildi. Mahkeme taraf\u0131ndan tutuklanan \u015f\u00fcpheliler, cezaevine g\u00f6nderildi.<br \/>\n<br \/>Mu\u011fla Valili\u011finden olayla ilgili yap\u0131lan a\u00e7\u0131klamada, &#8220;Ya\u015fanan bu menfur olayda ma\u011fdur olan vatanda\u015f\u0131m\u0131za ge\u00e7mi\u015f olsun dileklerimizi iletiyoruz. Bilinmelidir ki, Mu\u011fla\u2019da kad\u0131na y\u00f6nelik \u015fiddete asla m\u00fcsamaha g\u00f6sterilmemektedir. Kad\u0131na y\u00f6nelik her t\u00fcrl\u00fc \u015fiddet davran\u0131\u015f\u0131n\u0131n kar\u015f\u0131s\u0131nda devletimizin kararl\u0131 duru\u015fu vard\u0131r&#8221; denildi.<br \/><\/p>\n","protected":false},"excerpt":{"rendered":"<p>Mu\u011fla\u2019n\u0131n Fethiye il\u00e7esinde akaryak\u0131t istasyonunda bir kad\u0131n\u0131n darp edilmesi \u00fczerine harekete ge\u00e7en polis ekipleri, 3 \u015f\u00fcpheliyi k\u0131sa s\u00fcrede yakalad\u0131. Adliyeye sevk edilen \u015fah\u0131slar, tutuklanarak cezaevine g\u00f6nderildi. Edinilen bilgilere g\u00f6re, Fethiye\u2019de bir akaryak\u0131t istasyonunda P.D. (46) isimli kad\u0131n, S.S. (21), H.A. (20) ve T.A. (22) taraf\u0131ndan darp edildi. Olay\u0131n ard\u0131ndan harekete ge\u00e7en Fethiye \u0130l\u00e7e Emniyet M\u00fcd\u00fcrl\u00fc\u011f\u00fc&#8230;<\/p>\n","protected":false},"author":1,"featured_media":30010,"comment_status":"open","ping_status":"open","sticky":false,"template":"","format":"standard","meta":{"_crdt_document":"","footnotes":""},"categories":[5],"tags":[],"class_list":["post-30009","post","type-post","status-publish","format-standard","has-post-thumbnail","hentry","category-asayis"],"_links":{"self":[{"href":"https:\/\/www.egemtv.com\/index.php?rest_route=\/wp\/v2\/posts\/30009","targetHints":{"allow":["GET"]}}],"collection":[{"href":"https:\/\/www.egemtv.com\/index.php?rest_route=\/wp\/v2\/posts"}],"about":[{"href":"https:\/\/www.egemtv.com\/index.php?rest_route=\/wp\/v2\/types\/post"}],"author":[{"embeddable":true,"href":"https:\/\/www.egemtv.com\/index.php?rest_route=\/wp\/v2\/users\/1"}],"replies":[{"embeddable":true,"href":"https:\/\/www.egemtv.com\/index.php?rest_route=%2Fwp%2Fv2%2Fcomments&post=30009"}],"version-history":[{"count":1,"href":"https:\/\/www.egemtv.com\/index.php?rest_route=\/wp\/v2\/posts\/30009\/revisions"}],"predecessor-version":[{"id":30011,"href":"https:\/\/www.egemtv.com\/index.php?rest_route=\/wp\/v2\/posts\/30009\/revisions\/30011"}],"wp:featuredmedia":[{"embeddable":true,"href":"https:\/\/www.egemtv.com\/index.php?rest_route=\/wp\/v2\/media\/30010"}],"wp:attachment":[{"href":"https:\/\/www.egemtv.com\/index.php?rest_route=%2Fwp%2Fv2%2Fmedia&parent=30009"}],"wp:term":[{"taxonomy":"category","embeddable":true,"href":"https:\/\/www.egemtv.com\/index.php?rest_route=%2Fwp%2Fv2%2Fcategories&post=30009"},{"taxonomy":"post_tag","embeddable":true,"href":"https:\/\/www.egemtv.com\/index.php?rest_route=%2Fwp%2Fv2%2Ftags&post=30009"}],"curies":[{"name":"wp","href":"https:\/\/api.w.org\/{rel}","templated":true}]}}