{"id":30006,"date":"2025-05-19T18:55:42","date_gmt":"2025-05-19T15:55:42","guid":{"rendered":"https:\/\/www.egemtv.com\/?p=30006"},"modified":"2025-05-19T18:55:47","modified_gmt":"2025-05-19T15:55:47","slug":"datcada-yunanistanin-geri-ittigi-10u-cocuk-33-duzensiz-gocmen-kurtarildi","status":"publish","type":"post","link":"https:\/\/www.egemtv.com\/?p=30006","title":{"rendered":"Dat\u00e7a\u2019da Yunanistan\u2019\u0131n geri itti\u011fi 10\u2019u \u00e7ocuk 33 d\u00fczensiz g\u00f6\u00e7men kurtar\u0131ld\u0131"},"content":{"rendered":"<p>Mu\u011fla\u2019n\u0131n Dat\u00e7a il\u00e7esi a\u00e7\u0131klar\u0131nda Yunanistan sahil g\u00fcvenlik unsurlar\u0131 taraf\u0131ndan T\u00fcrk karasular\u0131na geri itilen 10\u2019u \u00e7ocuk 33 d\u00fczensiz g\u00f6\u00e7men kurtar\u0131l\u0131rken, bir g\u00f6\u00e7men ka\u00e7ak\u00e7\u0131l\u0131\u011f\u0131 \u015f\u00fcphelisi yakaland\u0131.<br \/>\n<br \/>Dat\u00e7a il\u00e7esi a\u00e7\u0131klar\u0131nda lastik bot i\u00e7erisinde bir grup d\u00fczensiz g\u00f6\u00e7men oldu\u011fu bilgisinin al\u0131nmas\u0131 \u00fczerine g\u00f6revlendirilen Sahil G\u00fcvenlik Botu taraf\u0131ndan Yunanistan unsurlar\u0131nca T\u00fcrk karasular\u0131na geri itilen fiber karinal\u0131 lastik bot i\u00e7erisindeki 23 d\u00fczensiz g\u00f6\u00e7men (beraberinde 10 \u00e7ocuk) kurtar\u0131lm\u0131\u015f ve 1 g\u00f6\u00e7men ka\u00e7ak\u00e7\u0131s\u0131 \u015f\u00fcphelisi yakaland\u0131.<br \/><\/p>\n","protected":false},"excerpt":{"rendered":"<p>Mu\u011fla\u2019n\u0131n Dat\u00e7a il\u00e7esi a\u00e7\u0131klar\u0131nda Yunanistan sahil g\u00fcvenlik unsurlar\u0131 taraf\u0131ndan T\u00fcrk karasular\u0131na geri itilen 10\u2019u \u00e7ocuk 33 d\u00fczensiz g\u00f6\u00e7men kurtar\u0131l\u0131rken, bir g\u00f6\u00e7men ka\u00e7ak\u00e7\u0131l\u0131\u011f\u0131 \u015f\u00fcphelisi yakaland\u0131. Dat\u00e7a il\u00e7esi a\u00e7\u0131klar\u0131nda lastik bot i\u00e7erisinde bir grup d\u00fczensiz g\u00f6\u00e7men oldu\u011fu bilgisinin al\u0131nmas\u0131 \u00fczerine g\u00f6revlendirilen Sahil G\u00fcvenlik Botu taraf\u0131ndan Yunanistan unsurlar\u0131nca T\u00fcrk karasular\u0131na geri itilen fiber karinal\u0131 lastik bot i\u00e7erisindeki 23&#8230;<\/p>\n","protected":false},"author":1,"featured_media":30007,"comment_status":"open","ping_status":"open","sticky":false,"template":"","format":"standard","meta":{"_crdt_document":"","footnotes":""},"categories":[5],"tags":[],"class_list":["post-30006","post","type-post","status-publish","format-standard","has-post-thumbnail","hentry","category-asayis"],"_links":{"self":[{"href":"https:\/\/www.egemtv.com\/index.php?rest_route=\/wp\/v2\/posts\/30006","targetHints":{"allow":["GET"]}}],"collection":[{"href":"https:\/\/www.egemtv.com\/index.php?rest_route=\/wp\/v2\/posts"}],"about":[{"href":"https:\/\/www.egemtv.com\/index.php?rest_route=\/wp\/v2\/types\/post"}],"author":[{"embeddable":true,"href":"https:\/\/www.egemtv.com\/index.php?rest_route=\/wp\/v2\/users\/1"}],"replies":[{"embeddable":true,"href":"https:\/\/www.egemtv.com\/index.php?rest_route=%2Fwp%2Fv2%2Fcomments&post=30006"}],"version-history":[{"count":1,"href":"https:\/\/www.egemtv.com\/index.php?rest_route=\/wp\/v2\/posts\/30006\/revisions"}],"predecessor-version":[{"id":30008,"href":"https:\/\/www.egemtv.com\/index.php?rest_route=\/wp\/v2\/posts\/30006\/revisions\/30008"}],"wp:featuredmedia":[{"embeddable":true,"href":"https:\/\/www.egemtv.com\/index.php?rest_route=\/wp\/v2\/media\/30007"}],"wp:attachment":[{"href":"https:\/\/www.egemtv.com\/index.php?rest_route=%2Fwp%2Fv2%2Fmedia&parent=30006"}],"wp:term":[{"taxonomy":"category","embeddable":true,"href":"https:\/\/www.egemtv.com\/index.php?rest_route=%2Fwp%2Fv2%2Fcategories&post=30006"},{"taxonomy":"post_tag","embeddable":true,"href":"https:\/\/www.egemtv.com\/index.php?rest_route=%2Fwp%2Fv2%2Ftags&post=30006"}],"curies":[{"name":"wp","href":"https:\/\/api.w.org\/{rel}","templated":true}]}}