{"id":30003,"date":"2025-05-19T18:47:22","date_gmt":"2025-05-19T15:47:22","guid":{"rendered":"https:\/\/www.egemtv.com\/?p=30003"},"modified":"2025-05-19T18:47:27","modified_gmt":"2025-05-19T15:47:27","slug":"tff-3-lig-play-off-karsiyaka-1-musspor-2","status":"publish","type":"post","link":"https:\/\/www.egemtv.com\/?p=30003","title":{"rendered":"TFF 3. Lig Play-Off: Kar\u015f\u0131yaka: 1 &#8211; Mu\u015fspor: 2"},"content":{"rendered":"<p>TFF 3. Lig 1. Grup finalinde Kar\u015f\u0131yaka, deplasmanda gols\u00fcz berabere kald\u0131\u011f\u0131 ma\u00e7ta Mu\u015fspor\u2019a 2-1\u2019lik skorla ma\u011flup olarak yar\u0131 finalde play-off\u2019a veda etti.<\/p>\n<p>Hakemler: Mehmet Ali \u00d6zer, Semih Kocaman, Batuhan Top\u00e7u<br \/>\n<br \/>Kar\u015f\u0131yaka: Hakan Canbazo\u011flu, Ferdi Burgaz, Onur Akbay, Abdulkadir \u00d6ks\u00fcz, \u0130smail G\u00fcner, Bedirhan Altunba\u015f (Yasin Ozan dk. 53), Kadir Bak\u0131rta\u015f, Erdal \u00d6zt\u00fcrk (Sefa K\u00fcpeli dk. 31), Ali Sinan Gayla, Enes Nalbanto\u011flu (Bedran Ekin dk. 73), \u0130shak Kurt<br \/>\n<br \/>Yedekler: Hasan S\u00fcrmeli, Mustafa Durgun, Mert Yusuf Torlak, Kayra Elmal\u0131, Mertcan Ko\u00e7, Berat \u015eahin, Ercan Kula\u00e7<br \/>\n<br \/>Teknik Direkt\u00f6r: Ahmet Y\u0131ld\u0131r\u0131m<br \/>\n<br \/>Mu\u015fspor: Enes \u00c7etin, Efe Karao\u011flu, Ahmet Tekin, \u0130lker G\u00fcnaslan, Ayetullah Korkmazer (Ahmet Sun dk. 49), Stanley Ohawuchi (Taha Ahmet Balsu dk. 27), Tu\u011fkan Kam\u0131\u015fo\u011flu, Halil Y\u0131lmaz, Emirhan Karag\u00fclle (Muhammet Fatih Y\u0131ld\u0131r\u0131m dk. 77), Yusuf Y\u0131ld\u0131r\u0131m, Ak\u0131n Akman (Emirhan Kayalar dk. 76)<br \/>\n<br \/>Yedekler: \u0130lker G\u00fcnay, Muhammet Fatih Y\u0131ld\u0131r\u0131m, Sarp Tenim, Metin Y\u00fcksel, Metin Emre Karaal, Adar Ayg\u00fcr, Yakup Alkan<br \/>\n<br \/>Teknik Direkt\u00f6r: Fatih \u00c7ardak<br \/>\n<br \/>Goller: Halil Y\u0131lmaz (dk. 12), Stanley Ohawuchi (dk. 23) (Mu\u015fspor), Onur Akbay (dk. 52) (Kar\u015f\u0131yaka)<br \/>\n<br \/>K\u0131rm\u0131z\u0131 kart: Taha Ahmet Balsu (dk. 47) (Mu\u015fspor)<br \/>\n<br \/>Sar\u0131 kartlar: Kadir Bak\u0131rta\u015f, Erdal \u00d6zt\u00fcrk, Enes Nalbanto\u011flu, Onur Akbay, Ali Sinan Gayla, \u0130smail G\u00fcner (Kar\u015f\u0131yaka), Ahmet Tekin, Emirhan Kayalar (Mu\u015fspor)<br \/><\/p>\n","protected":false},"excerpt":{"rendered":"<p>TFF 3. Lig 1. Grup finalinde Kar\u015f\u0131yaka, deplasmanda gols\u00fcz berabere kald\u0131\u011f\u0131 ma\u00e7ta Mu\u015fspor\u2019a 2-1\u2019lik skorla ma\u011flup olarak yar\u0131 finalde play-off\u2019a veda etti. Hakemler: Mehmet Ali \u00d6zer, Semih Kocaman, Batuhan Top\u00e7u Kar\u015f\u0131yaka: Hakan Canbazo\u011flu, Ferdi Burgaz, Onur Akbay, Abdulkadir \u00d6ks\u00fcz, \u0130smail G\u00fcner, Bedirhan Altunba\u015f (Yasin Ozan dk. 53), Kadir Bak\u0131rta\u015f, Erdal \u00d6zt\u00fcrk (Sefa K\u00fcpeli dk. 31),&#8230;<\/p>\n","protected":false},"author":1,"featured_media":30004,"comment_status":"open","ping_status":"open","sticky":false,"template":"","format":"standard","meta":{"_crdt_document":"","footnotes":""},"categories":[4],"tags":[],"class_list":["post-30003","post","type-post","status-publish","format-standard","has-post-thumbnail","hentry","category-spor"],"_links":{"self":[{"href":"https:\/\/www.egemtv.com\/index.php?rest_route=\/wp\/v2\/posts\/30003","targetHints":{"allow":["GET"]}}],"collection":[{"href":"https:\/\/www.egemtv.com\/index.php?rest_route=\/wp\/v2\/posts"}],"about":[{"href":"https:\/\/www.egemtv.com\/index.php?rest_route=\/wp\/v2\/types\/post"}],"author":[{"embeddable":true,"href":"https:\/\/www.egemtv.com\/index.php?rest_route=\/wp\/v2\/users\/1"}],"replies":[{"embeddable":true,"href":"https:\/\/www.egemtv.com\/index.php?rest_route=%2Fwp%2Fv2%2Fcomments&post=30003"}],"version-history":[{"count":1,"href":"https:\/\/www.egemtv.com\/index.php?rest_route=\/wp\/v2\/posts\/30003\/revisions"}],"predecessor-version":[{"id":30005,"href":"https:\/\/www.egemtv.com\/index.php?rest_route=\/wp\/v2\/posts\/30003\/revisions\/30005"}],"wp:featuredmedia":[{"embeddable":true,"href":"https:\/\/www.egemtv.com\/index.php?rest_route=\/wp\/v2\/media\/30004"}],"wp:attachment":[{"href":"https:\/\/www.egemtv.com\/index.php?rest_route=%2Fwp%2Fv2%2Fmedia&parent=30003"}],"wp:term":[{"taxonomy":"category","embeddable":true,"href":"https:\/\/www.egemtv.com\/index.php?rest_route=%2Fwp%2Fv2%2Fcategories&post=30003"},{"taxonomy":"post_tag","embeddable":true,"href":"https:\/\/www.egemtv.com\/index.php?rest_route=%2Fwp%2Fv2%2Ftags&post=30003"}],"curies":[{"name":"wp","href":"https:\/\/api.w.org\/{rel}","templated":true}]}}