{"id":30000,"date":"2025-05-19T18:47:16","date_gmt":"2025-05-19T15:47:16","guid":{"rendered":"https:\/\/www.egemtv.com\/?p=30000"},"modified":"2025-05-19T18:47:22","modified_gmt":"2025-05-19T15:47:22","slug":"seydikemerde-motosiklet-kazasi1-olu","status":"publish","type":"post","link":"https:\/\/www.egemtv.com\/?p=30000","title":{"rendered":"Seydikemer\u2019de motosiklet kazas\u0131:1 \u00f6l\u00fc"},"content":{"rendered":"<p>Mu\u011fla\u2019n\u0131n Seydikemer il\u00e7esinde motosiklet ile otomobilin \u00e7arp\u0131\u015fmas\u0131 sonucu meydana gelen trafik kazas\u0131nda bir ki\u015fi hayat\u0131n\u0131 kaybetti.<\/p>\n<p>Kaza, Seydikemer il\u00e7esi Sar\u0131yer Mahallesi\u2019nde sabah saatlerinde meydana geldi. Edinilen bilgiye g\u00f6re Antalya\u2013Fethiye Karayolu \u00fczerinde, Ali R\u0131za E\u015fen (65) y\u00f6netimindeki 48 JF 816 plakal\u0131 motosiklet ile B.Y. (24) idaresindeki 06 DB 460 plakal\u0131 otomobil \u00e7arp\u0131\u015ft\u0131. \u00c7arp\u0131\u015fman\u0131n etkisiyle a\u011f\u0131r yaralanan motosiklet s\u00fcr\u00fcc\u00fcs\u00fc Ali R\u0131za E\u015fen, kald\u0131r\u0131ld\u0131\u011f\u0131 hastanede yap\u0131lan t\u00fcm m\u00fcdahalelere ra\u011fmen ya\u015fam\u0131n\u0131 yitirdi. Otomobil s\u00fcr\u00fcc\u00fcs\u00fc B.Y. ise kazan\u0131n ard\u0131ndan g\u00f6zalt\u0131na al\u0131nd\u0131. Kazayla ilgili soru\u015fturma ba\u015flat\u0131ld\u0131.<br \/><\/p>\n","protected":false},"excerpt":{"rendered":"<p>Mu\u011fla\u2019n\u0131n Seydikemer il\u00e7esinde motosiklet ile otomobilin \u00e7arp\u0131\u015fmas\u0131 sonucu meydana gelen trafik kazas\u0131nda bir ki\u015fi hayat\u0131n\u0131 kaybetti. Kaza, Seydikemer il\u00e7esi Sar\u0131yer Mahallesi\u2019nde sabah saatlerinde meydana geldi. Edinilen bilgiye g\u00f6re Antalya\u2013Fethiye Karayolu \u00fczerinde, Ali R\u0131za E\u015fen (65) y\u00f6netimindeki 48 JF 816 plakal\u0131 motosiklet ile B.Y. (24) idaresindeki 06 DB 460 plakal\u0131 otomobil \u00e7arp\u0131\u015ft\u0131. \u00c7arp\u0131\u015fman\u0131n etkisiyle a\u011f\u0131r yaralanan&#8230;<\/p>\n","protected":false},"author":1,"featured_media":30001,"comment_status":"open","ping_status":"open","sticky":false,"template":"","format":"standard","meta":{"_crdt_document":"","footnotes":""},"categories":[5],"tags":[],"class_list":["post-30000","post","type-post","status-publish","format-standard","has-post-thumbnail","hentry","category-asayis"],"_links":{"self":[{"href":"https:\/\/www.egemtv.com\/index.php?rest_route=\/wp\/v2\/posts\/30000","targetHints":{"allow":["GET"]}}],"collection":[{"href":"https:\/\/www.egemtv.com\/index.php?rest_route=\/wp\/v2\/posts"}],"about":[{"href":"https:\/\/www.egemtv.com\/index.php?rest_route=\/wp\/v2\/types\/post"}],"author":[{"embeddable":true,"href":"https:\/\/www.egemtv.com\/index.php?rest_route=\/wp\/v2\/users\/1"}],"replies":[{"embeddable":true,"href":"https:\/\/www.egemtv.com\/index.php?rest_route=%2Fwp%2Fv2%2Fcomments&post=30000"}],"version-history":[{"count":1,"href":"https:\/\/www.egemtv.com\/index.php?rest_route=\/wp\/v2\/posts\/30000\/revisions"}],"predecessor-version":[{"id":30002,"href":"https:\/\/www.egemtv.com\/index.php?rest_route=\/wp\/v2\/posts\/30000\/revisions\/30002"}],"wp:featuredmedia":[{"embeddable":true,"href":"https:\/\/www.egemtv.com\/index.php?rest_route=\/wp\/v2\/media\/30001"}],"wp:attachment":[{"href":"https:\/\/www.egemtv.com\/index.php?rest_route=%2Fwp%2Fv2%2Fmedia&parent=30000"}],"wp:term":[{"taxonomy":"category","embeddable":true,"href":"https:\/\/www.egemtv.com\/index.php?rest_route=%2Fwp%2Fv2%2Fcategories&post=30000"},{"taxonomy":"post_tag","embeddable":true,"href":"https:\/\/www.egemtv.com\/index.php?rest_route=%2Fwp%2Fv2%2Ftags&post=30000"}],"curies":[{"name":"wp","href":"https:\/\/api.w.org\/{rel}","templated":true}]}}