{"id":29997,"date":"2025-05-19T17:36:43","date_gmt":"2025-05-19T14:36:43","guid":{"rendered":"https:\/\/www.egemtv.com\/?p=29997"},"modified":"2025-05-19T17:36:47","modified_gmt":"2025-05-19T14:36:47","slug":"ak-partili-saygilidan-chpye-miting-oncesi-sert-cikis","status":"publish","type":"post","link":"https:\/\/www.egemtv.com\/?p=29997","title":{"rendered":"AK Partili Sayg\u0131l\u0131\u2019dan CHP\u2019ye miting \u00f6ncesi sert \u00e7\u0131k\u0131\u015f"},"content":{"rendered":"<p>AK Parti \u0130zmir \u0130l Ba\u015fkan\u0131 Bilal Sayg\u0131l\u0131, \u0130zmir\u2019de ger\u00e7ekle\u015fecek CHP mitingi \u00f6ncesi, &#8220;Ahlakl\u0131 siyaset alan\u0131n\u0131 zehirleyen CHP, bu zehri \u015fehirlerin meydanlar\u0131na ta\u015f\u0131maya devam ediyor&#8221; ifadelerine yer veren bir a\u00e7\u0131klama yapt\u0131.<br \/>\n<br \/>CHP\u2019nin bug\u00fcn G\u00fcndo\u011fdu Meydan\u0131\u2019nda d\u00fczenleyece\u011fi mitinge AK Parti \u0130zmir \u0130l Ba\u015fkan\u0131 Bilal Sayg\u0131l\u0131 sert s\u00f6zlerle y\u00fcklendi. CHP\u2019nin ahlakl\u0131 siyaset alan\u0131n\u0131 zehirledi\u011fini ifade eden Ba\u015fkan Sayg\u0131l\u0131, &#8220;Ahlakl\u0131 siyaset alan\u0131n\u0131 zehirleyen CHP, bu zehri \u015fehirlerin meydanlar\u0131na ta\u015f\u0131maya devam ediyor&#8221; dedi.<br \/>\n<br \/>Sosyal medya hesab\u0131ndan yapt\u0131\u011f\u0131 a\u00e7\u0131klamayla CHP\u2019ye y\u00fcklenen Bilal Sayg\u0131l\u0131\u2019n\u0131n a\u00e7\u0131klamalar\u0131 \u015fu \u015fekilde: &#8220;CHP yine perdeleme siyaseti yap\u0131yor. \u0130zmir\u2019de d\u00fczenleyecekleri s\u00f6zde mitingin ad\u0131: \u2019Millet \u0130radesine Sahip \u00c7\u0131k\u0131yor.\u2019 Gelin alg\u0131n\u0131n perdesini aralay\u0131p hakikatin suretine bakal\u0131m. Mitingin o haldeki \u00f6zde ad\u0131: \u2019CHP Yarg\u0131 S\u00fcre\u00e7lerini Hi\u00e7e Say\u0131yor.\u2019 Ahlakl\u0131 siyaset alan\u0131n\u0131 zehirleyen CHP, bu zehri \u015fehirlerin meydanlar\u0131na ta\u015f\u0131maya devam ediyor. Kalbi \u0130zmir i\u00e7in atan bir \u0130l Ba\u015fkan\u0131 olarak, \u0130zmirli hem\u015fehrilerimi 19 May\u0131s\u2019\u0131n anlam ve ruhu kullan\u0131larak yap\u0131lan istismarlara ve bu siyasi zehirlenmeye kar\u015f\u0131 dikkatli olmalar\u0131 konusunda uyar\u0131yorum.&#8221;<br \/><\/p>\n","protected":false},"excerpt":{"rendered":"<p>AK Parti \u0130zmir \u0130l Ba\u015fkan\u0131 Bilal Sayg\u0131l\u0131, \u0130zmir\u2019de ger\u00e7ekle\u015fecek CHP mitingi \u00f6ncesi, &#8220;Ahlakl\u0131 siyaset alan\u0131n\u0131 zehirleyen CHP, bu zehri \u015fehirlerin meydanlar\u0131na ta\u015f\u0131maya devam ediyor&#8221; ifadelerine yer veren bir a\u00e7\u0131klama yapt\u0131. CHP\u2019nin bug\u00fcn G\u00fcndo\u011fdu Meydan\u0131\u2019nda d\u00fczenleyece\u011fi mitinge AK Parti \u0130zmir \u0130l Ba\u015fkan\u0131 Bilal Sayg\u0131l\u0131 sert s\u00f6zlerle y\u00fcklendi. CHP\u2019nin ahlakl\u0131 siyaset alan\u0131n\u0131 zehirledi\u011fini ifade eden Ba\u015fkan Sayg\u0131l\u0131,&#8230;<\/p>\n","protected":false},"author":1,"featured_media":29998,"comment_status":"open","ping_status":"open","sticky":false,"template":"","format":"standard","meta":{"_crdt_document":"","footnotes":""},"categories":[127],"tags":[],"class_list":["post-29997","post","type-post","status-publish","format-standard","has-post-thumbnail","hentry","category-siyaset"],"_links":{"self":[{"href":"https:\/\/www.egemtv.com\/index.php?rest_route=\/wp\/v2\/posts\/29997","targetHints":{"allow":["GET"]}}],"collection":[{"href":"https:\/\/www.egemtv.com\/index.php?rest_route=\/wp\/v2\/posts"}],"about":[{"href":"https:\/\/www.egemtv.com\/index.php?rest_route=\/wp\/v2\/types\/post"}],"author":[{"embeddable":true,"href":"https:\/\/www.egemtv.com\/index.php?rest_route=\/wp\/v2\/users\/1"}],"replies":[{"embeddable":true,"href":"https:\/\/www.egemtv.com\/index.php?rest_route=%2Fwp%2Fv2%2Fcomments&post=29997"}],"version-history":[{"count":1,"href":"https:\/\/www.egemtv.com\/index.php?rest_route=\/wp\/v2\/posts\/29997\/revisions"}],"predecessor-version":[{"id":29999,"href":"https:\/\/www.egemtv.com\/index.php?rest_route=\/wp\/v2\/posts\/29997\/revisions\/29999"}],"wp:featuredmedia":[{"embeddable":true,"href":"https:\/\/www.egemtv.com\/index.php?rest_route=\/wp\/v2\/media\/29998"}],"wp:attachment":[{"href":"https:\/\/www.egemtv.com\/index.php?rest_route=%2Fwp%2Fv2%2Fmedia&parent=29997"}],"wp:term":[{"taxonomy":"category","embeddable":true,"href":"https:\/\/www.egemtv.com\/index.php?rest_route=%2Fwp%2Fv2%2Fcategories&post=29997"},{"taxonomy":"post_tag","embeddable":true,"href":"https:\/\/www.egemtv.com\/index.php?rest_route=%2Fwp%2Fv2%2Ftags&post=29997"}],"curies":[{"name":"wp","href":"https:\/\/api.w.org\/{rel}","templated":true}]}}