{"id":29994,"date":"2025-05-19T17:16:46","date_gmt":"2025-05-19T14:16:46","guid":{"rendered":"https:\/\/www.egemtv.com\/?p=29994"},"modified":"2025-05-19T17:16:49","modified_gmt":"2025-05-19T14:16:49","slug":"aliagada-guvenlik-kameralari-yayginlastiriliyor","status":"publish","type":"post","link":"https:\/\/www.egemtv.com\/?p=29994","title":{"rendered":"Alia\u011fa\u2019da g\u00fcvenlik kameralar\u0131 yayg\u0131nla\u015ft\u0131r\u0131l\u0131yor"},"content":{"rendered":"<p>\u0130zmir\u2019in Alia\u011fa il\u00e7esinde, kamu d\u00fczeninin sa\u011flanmas\u0131, su\u00e7lar\u0131n \u00f6nlenmesi ve i\u015flenen su\u00e7lar\u0131n faillerinin tespiti amac\u0131yla g\u00fcvenlik kameras\u0131 \u00e7al\u0131\u015fmalar\u0131na a\u011f\u0131rl\u0131k verildi. Alia\u011fa \u0130l\u00e7e Emniyet M\u00fcd\u00fcrl\u00fc\u011f\u00fc taraf\u0131ndan y\u00fcr\u00fct\u00fclen \u00e7al\u0131\u015fmalar kapsam\u0131nda, il\u00e7enin \u00e7e\u015fitli noktalar\u0131na kurulan kameralar, \u00f6zellikle son d\u00f6nemde ya\u015fanan ev ve i\u015fyeri kur\u015funlama olaylar\u0131n\u0131n ayd\u0131nlat\u0131lmas\u0131nda \u00f6nemli rol oynad\u0131.<\/p>\n<p>Kapsaml\u0131 kamera a\u011f\u0131 olu\u015fturuluyor<br \/>\n<br \/>\u0130l\u00e7e genelinde g\u00fcvenlik a\u011f\u0131n\u0131n g\u00fc\u00e7lendirilmesine y\u00f6nelik s\u00fcrd\u00fcr\u00fclen \u00e7al\u0131\u015fmalarda, bug\u00fcne kadar 23 farkl\u0131 noktaya toplam 75 g\u00fcvenlik kameras\u0131 yerle\u015ftirildi. Ayr\u0131ca tespit edilen 10 ayr\u0131 noktaya kurulmas\u0131 planlanan 28 kameran\u0131n montaj\u0131 ile ilgili \u00e7al\u0131\u015fmalar\u0131n devam etti\u011fi belirtildi. Alia\u011fa \u0130l\u00e7e Emniyet M\u00fcd\u00fcrl\u00fc\u011f\u00fc, kamera sistemlerinin il\u00e7e genelinde daha da yayg\u0131nla\u015ft\u0131r\u0131lmas\u0131 i\u00e7in planlamalar\u0131n s\u00fcrd\u00fc\u011f\u00fcn\u00fc bildirdi.<\/p>\n<p>Vatanda\u015flara y\u00f6nelik bilgilendirme faaliyetleri y\u00fcr\u00fct\u00fcl\u00fcyor<br \/>\n<br \/>Alia\u011fa \u0130l\u00e7e Emniyet M\u00fcd\u00fcrl\u00fc\u011f\u00fc yetkilileri, g\u00fcvenlik kameralar\u0131n\u0131n yayg\u0131nla\u015ft\u0131r\u0131lmas\u0131na ili\u015fkin s\u00fcreci yaln\u0131zca kamu alanlar\u0131yla s\u0131n\u0131rl\u0131 tutmayarak, vatanda\u015flar\u0131 da bilin\u00e7lendirme amac\u0131yla \u00e7e\u015fitli faaliyetler y\u00fcr\u00fct\u00fcyor. Bu \u00e7er\u00e7evede mahalle muhtarlar\u0131 ve esnaflarla toplant\u0131lar d\u00fczenlenerek, \u00f6zel m\u00fclkiyet alanlar\u0131nda da kamera sistemlerinin kurulmas\u0131n\u0131n \u00f6nemi hakk\u0131nda bilgi verildi.<\/p>\n<p>\u00c7al\u0131\u015fmalar aral\u0131ks\u0131z devam ediyor<br \/>\n<br \/>\u0130l\u00e7e emniyet yetkilileri taraf\u0131ndan yap\u0131lan a\u00e7\u0131klamada, g\u00fcvenlik kameras\u0131 sistemlerinin hem su\u00e7un \u00f6nlenmesi hem de meydana gelen olaylar\u0131n faillerinin tespit edilmesi a\u00e7\u0131s\u0131ndan b\u00fcy\u00fck \u00f6nem ta\u015f\u0131d\u0131\u011f\u0131 vurguland\u0131. Alia\u011fa genelinde y\u00fcr\u00fct\u00fclen kamera sistemi kurulumlar\u0131n\u0131n, emniyet birimlerinin teknik altyap\u0131s\u0131yla uyumlu \u015fekilde devam etti\u011fi kaydedildi.<br \/>\n<br \/>Alia\u011fa \u0130l\u00e7e Emniyet M\u00fcd\u00fcrl\u00fc\u011f\u00fc, g\u00fcvenlik kameras\u0131 sistemlerinin su\u00e7la m\u00fccadelede etkin bir ara\u00e7 oldu\u011funu, il\u00e7e genelinde kamera kurulumlar\u0131n\u0131n art\u0131r\u0131lmas\u0131na y\u00f6nelik \u00e7al\u0131\u015fmalar\u0131n kararl\u0131l\u0131kla s\u00fcrece\u011fini ifade etti.<br \/><\/p>\n","protected":false},"excerpt":{"rendered":"<p>\u0130zmir\u2019in Alia\u011fa il\u00e7esinde, kamu d\u00fczeninin sa\u011flanmas\u0131, su\u00e7lar\u0131n \u00f6nlenmesi ve i\u015flenen su\u00e7lar\u0131n faillerinin tespiti amac\u0131yla g\u00fcvenlik kameras\u0131 \u00e7al\u0131\u015fmalar\u0131na a\u011f\u0131rl\u0131k verildi. Alia\u011fa \u0130l\u00e7e Emniyet M\u00fcd\u00fcrl\u00fc\u011f\u00fc taraf\u0131ndan y\u00fcr\u00fct\u00fclen \u00e7al\u0131\u015fmalar kapsam\u0131nda, il\u00e7enin \u00e7e\u015fitli noktalar\u0131na kurulan kameralar, \u00f6zellikle son d\u00f6nemde ya\u015fanan ev ve i\u015fyeri kur\u015funlama olaylar\u0131n\u0131n ayd\u0131nlat\u0131lmas\u0131nda \u00f6nemli rol oynad\u0131. Kapsaml\u0131 kamera a\u011f\u0131 olu\u015fturuluyor \u0130l\u00e7e genelinde g\u00fcvenlik a\u011f\u0131n\u0131n g\u00fc\u00e7lendirilmesine y\u00f6nelik&#8230;<\/p>\n","protected":false},"author":1,"featured_media":29995,"comment_status":"open","ping_status":"open","sticky":false,"template":"","format":"standard","meta":{"_crdt_document":"","footnotes":""},"categories":[5],"tags":[],"class_list":["post-29994","post","type-post","status-publish","format-standard","has-post-thumbnail","hentry","category-asayis"],"_links":{"self":[{"href":"https:\/\/www.egemtv.com\/index.php?rest_route=\/wp\/v2\/posts\/29994","targetHints":{"allow":["GET"]}}],"collection":[{"href":"https:\/\/www.egemtv.com\/index.php?rest_route=\/wp\/v2\/posts"}],"about":[{"href":"https:\/\/www.egemtv.com\/index.php?rest_route=\/wp\/v2\/types\/post"}],"author":[{"embeddable":true,"href":"https:\/\/www.egemtv.com\/index.php?rest_route=\/wp\/v2\/users\/1"}],"replies":[{"embeddable":true,"href":"https:\/\/www.egemtv.com\/index.php?rest_route=%2Fwp%2Fv2%2Fcomments&post=29994"}],"version-history":[{"count":1,"href":"https:\/\/www.egemtv.com\/index.php?rest_route=\/wp\/v2\/posts\/29994\/revisions"}],"predecessor-version":[{"id":29996,"href":"https:\/\/www.egemtv.com\/index.php?rest_route=\/wp\/v2\/posts\/29994\/revisions\/29996"}],"wp:featuredmedia":[{"embeddable":true,"href":"https:\/\/www.egemtv.com\/index.php?rest_route=\/wp\/v2\/media\/29995"}],"wp:attachment":[{"href":"https:\/\/www.egemtv.com\/index.php?rest_route=%2Fwp%2Fv2%2Fmedia&parent=29994"}],"wp:term":[{"taxonomy":"category","embeddable":true,"href":"https:\/\/www.egemtv.com\/index.php?rest_route=%2Fwp%2Fv2%2Fcategories&post=29994"},{"taxonomy":"post_tag","embeddable":true,"href":"https:\/\/www.egemtv.com\/index.php?rest_route=%2Fwp%2Fv2%2Ftags&post=29994"}],"curies":[{"name":"wp","href":"https:\/\/api.w.org\/{rel}","templated":true}]}}