{"id":29988,"date":"2025-05-19T16:56:37","date_gmt":"2025-05-19T13:56:37","guid":{"rendered":"https:\/\/www.egemtv.com\/?p=29988"},"modified":"2025-05-19T16:56:42","modified_gmt":"2025-05-19T13:56:42","slug":"isparta-yazili-kanyonda-suya-dusen-universite-ogrencisi-kayboldu","status":"publish","type":"post","link":"https:\/\/www.egemtv.com\/?p=29988","title":{"rendered":"Isparta Yaz\u0131l\u0131 Kanyon\u2019da suya d\u00fc\u015fen \u00fcniversite \u00f6\u011frencisi kayboldu"},"content":{"rendered":"<p>Isparta\u2019n\u0131n S\u00fct\u00e7\u00fcler il\u00e7esinde bulunan Yaz\u0131l\u0131 Kanyon\u2019da serinlemek i\u00e7in suya girmek isteyen \u00fcniversite \u00f6\u011frencisi bir anda dengesini kaybederek suya d\u00fc\u015ft\u00fc. Gen\u00e7ten bir daha haber al\u0131namad\u0131.<br \/>\n<br \/>Olay, S\u00fct\u00e7\u00fcler il\u00e7esine ba\u011fl\u0131 \u00c7and\u0131r k\u00f6y\u00fc s\u0131n\u0131rlar\u0131 i\u00e7erisindeki Yaz\u0131l\u0131 Kanyon Tabiat Park\u0131\u2019nda meydana geldi. Edinilen bilgiye g\u00f6re, S\u00fcleyman Demirel \u00dcniversitesi Spor Bilimleri Fak\u00fcltesi \u00f6\u011frencisi M.E.S. (19), arkada\u015flar\u0131yla birlikte serinlemek amac\u0131yla suya girmek istedi. Bu s\u0131rada kayal\u0131k alanda aya\u011f\u0131n\u0131n kaymas\u0131 sonucu suya d\u00fc\u015fen gen\u00e7, ak\u0131nt\u0131ya kap\u0131larak g\u00f6zden kayboldu. \u0130hbar \u00fczerine b\u00f6lgeye S\u00fct\u00e7\u00fcler \u0130l\u00e7e Jandarma Komutanl\u0131\u011f\u0131 Asayi\u015f Timi, AFAD ekipleri ve Isparta Belediyesi \u0130tfaiye M\u00fcd\u00fcrl\u00fc\u011f\u00fcne ba\u011fl\u0131 dalg\u0131\u00e7lar sevk edildi. Ekipler, kay\u0131p genci bulmak i\u00e7in hem su y\u00fczeyinde hem de su alt\u0131nda arama kurtarma \u00e7al\u0131\u015fmalar\u0131n\u0131 s\u00fcrd\u00fcr\u00fcyor. Olayla ilgili inceleme ba\u015flat\u0131ld\u0131.<br \/><\/p>\n","protected":false},"excerpt":{"rendered":"<p>Isparta\u2019n\u0131n S\u00fct\u00e7\u00fcler il\u00e7esinde bulunan Yaz\u0131l\u0131 Kanyon\u2019da serinlemek i\u00e7in suya girmek isteyen \u00fcniversite \u00f6\u011frencisi bir anda dengesini kaybederek suya d\u00fc\u015ft\u00fc. Gen\u00e7ten bir daha haber al\u0131namad\u0131. Olay, S\u00fct\u00e7\u00fcler il\u00e7esine ba\u011fl\u0131 \u00c7and\u0131r k\u00f6y\u00fc s\u0131n\u0131rlar\u0131 i\u00e7erisindeki Yaz\u0131l\u0131 Kanyon Tabiat Park\u0131\u2019nda meydana geldi. Edinilen bilgiye g\u00f6re, S\u00fcleyman Demirel \u00dcniversitesi Spor Bilimleri Fak\u00fcltesi \u00f6\u011frencisi M.E.S. (19), arkada\u015flar\u0131yla birlikte serinlemek amac\u0131yla suya&#8230;<\/p>\n","protected":false},"author":1,"featured_media":29989,"comment_status":"open","ping_status":"open","sticky":false,"template":"","format":"standard","meta":{"_crdt_document":"","footnotes":""},"categories":[5],"tags":[],"class_list":["post-29988","post","type-post","status-publish","format-standard","has-post-thumbnail","hentry","category-asayis"],"_links":{"self":[{"href":"https:\/\/www.egemtv.com\/index.php?rest_route=\/wp\/v2\/posts\/29988","targetHints":{"allow":["GET"]}}],"collection":[{"href":"https:\/\/www.egemtv.com\/index.php?rest_route=\/wp\/v2\/posts"}],"about":[{"href":"https:\/\/www.egemtv.com\/index.php?rest_route=\/wp\/v2\/types\/post"}],"author":[{"embeddable":true,"href":"https:\/\/www.egemtv.com\/index.php?rest_route=\/wp\/v2\/users\/1"}],"replies":[{"embeddable":true,"href":"https:\/\/www.egemtv.com\/index.php?rest_route=%2Fwp%2Fv2%2Fcomments&post=29988"}],"version-history":[{"count":1,"href":"https:\/\/www.egemtv.com\/index.php?rest_route=\/wp\/v2\/posts\/29988\/revisions"}],"predecessor-version":[{"id":29990,"href":"https:\/\/www.egemtv.com\/index.php?rest_route=\/wp\/v2\/posts\/29988\/revisions\/29990"}],"wp:featuredmedia":[{"embeddable":true,"href":"https:\/\/www.egemtv.com\/index.php?rest_route=\/wp\/v2\/media\/29989"}],"wp:attachment":[{"href":"https:\/\/www.egemtv.com\/index.php?rest_route=%2Fwp%2Fv2%2Fmedia&parent=29988"}],"wp:term":[{"taxonomy":"category","embeddable":true,"href":"https:\/\/www.egemtv.com\/index.php?rest_route=%2Fwp%2Fv2%2Fcategories&post=29988"},{"taxonomy":"post_tag","embeddable":true,"href":"https:\/\/www.egemtv.com\/index.php?rest_route=%2Fwp%2Fv2%2Ftags&post=29988"}],"curies":[{"name":"wp","href":"https:\/\/api.w.org\/{rel}","templated":true}]}}