{"id":29985,"date":"2025-05-19T16:56:32","date_gmt":"2025-05-19T13:56:32","guid":{"rendered":"https:\/\/www.egemtv.com\/?p=29985"},"modified":"2025-05-19T16:56:37","modified_gmt":"2025-05-19T13:56:37","slug":"aliagada-19-mayis-coskuyla-kutlandi","status":"publish","type":"post","link":"https:\/\/www.egemtv.com\/?p=29985","title":{"rendered":"Alia\u011fa\u2019da 19 May\u0131s co\u015fkuyla kutland\u0131"},"content":{"rendered":"<p>T\u00fcrkiye Cumhuriyeti\u2019nin kurucusu Gazi Mustafa Kemal Atat\u00fcrk\u2019\u00fcn T\u00fcrk Gen\u00e7li\u011fine arma\u011fan etti\u011fi 19 May\u0131s Atat\u00fcrk\u2019\u00fc Anma, Gen\u00e7lik ve Spor Bayram\u0131\u2019n\u0131n 106.Y\u0131l d\u00f6n\u00fcm\u00fc t\u00fcm yurtta oldu\u011fu gibi Alia\u011fa\u2019da da t\u00f6ren ve etkinliklerle co\u015fku i\u00e7inde kutland\u0131. Sabah saatlerinde Atat\u00fcrk Ortaokulu\u2019ndan ba\u015flayan kortej y\u00fcr\u00fcy\u00fc\u015f\u00fc ve Cumhuriyet Meydan\u0131\u2019nda ger\u00e7ekle\u015ftirilen \u00e7elenk sunumunun ard\u0131ndan kutlama program\u0131 Alia\u011fa Atat\u00fcrk Stad\u0131ndaki g\u00f6sterilerle devam etti.<\/p>\n<p>Bayram sevincinin gururla ve heyecanla ya\u015fand\u0131\u011f\u0131 programa Alia\u011fa Kaymakam\u0131 Zekeriya G\u00fcney, Alia\u011fa Belediye Ba\u015fkan\u0131 Serkan Acar, Garnizon Komutan\u0131 Albay Ali G\u00fcler, Alia\u011fa Cumhuriyet Ba\u015fsavc\u0131 Vekili Osman Sercan, \u0130l\u00e7e Jandarma Komutan\u0131 Binba\u015f\u0131 Yusuf Can G\u00f6kg\u00f6z, \u0130l\u00e7e Emniyet M\u00fcd\u00fcr\u00fc Ahmet Can, Alia\u011fa \u0130l\u00e7e Gen\u00e7lik ve Spor M\u00fcd\u00fcr\u00fc \u00d6zlem G\u00fcnay Karata\u015f, kurum m\u00fcd\u00fcrleri, askeri erkan, belediye meclis \u00fcyeleri, muhtarlar, siyasi parti temsilcileri, sivil toplum kurulu\u015flar\u0131, \u015fehit aileleri, gaziler, \u00f6\u011fretmenler, \u00f6\u011frenciler ve vatanda\u015flar kat\u0131ld\u0131.<\/p>\n<p>Alia\u011fa Kaymakam\u0131 Zekeriya G\u00fcney, Alia\u011fa Belediye Ba\u015fkan\u0131 Serkan Acar, Garnizon Komutan\u0131 Albay Ali G\u00fcler kutlamalara kat\u0131lanlar\u0131n bayram\u0131n\u0131 kutlad\u0131. Sayg\u0131 duru\u015funda bulunulmas\u0131n\u0131n ard\u0131ndan i\u015faret diliyle ve bando tak\u0131m\u0131 e\u015fli\u011finde \u0130stiklal Mar\u015f\u0131 okundu.<\/p>\n<p>Karata\u015f: &#8220;Y\u00fcrekten hissediyoruz&#8221;<br \/>\n<br \/>Kutlama program\u0131nda g\u00fcn\u00fcn anlam ve \u00f6nemine ili\u015fkin konu\u015fmay\u0131 Alia\u011fa \u0130l\u00e7e Gen\u00e7lik ve Spor M\u00fcd\u00fcr\u00fc \u00d6zlem G\u00fcnay Karata\u015f yapt\u0131. Karata\u015f konu\u015fmas\u0131nda \u015funlar\u0131 s\u00f6yledi: &#8220;Aziz milletimizin boyun e\u011fmeyece\u011fini, hi\u00e7bir \u015fartta himaye alt\u0131na girmeyece\u011fini t\u00fcm d\u00fcnyaya ilan eden Gazi Mustafa Kemal Atat\u00fcrk\u2019\u00fcn \u00f6nderli\u011finde kurtulu\u015f m\u00fccadelesinin ba\u015flad\u0131\u011f\u0131, ba\u011f\u0131ms\u0131zl\u0131k me\u015falesinin Samsun\u2019da yak\u0131ld\u0131\u011f\u0131 g\u00fcn olan 19 May\u0131s\u2019\u0131n bug\u00fcn 106. Y\u0131l d\u00f6n\u00fcm\u00fc.  T\u00fcrk milletinin vatan\u0131 ve de\u011ferleri i\u00e7in verdi\u011fi onur m\u00fccadelesinin ad\u0131 olan 19 May\u0131s\u2019\u0131n 106. y\u0131l d\u00f6n\u00fcm\u00fcne ula\u015fman\u0131n heyecan\u0131n\u0131 y\u00fcrekten hissediyoruz. Gen\u00e7ler, 19 May\u0131s ruhunu gelecek nesillere ayn\u0131 heyecanla ta\u015f\u0131yacak olan sizlersiniz. Yar\u0131nlar\u0131m\u0131z\u0131n g\u00fcvencesi sevgili gen\u00e7lerimizin ba\u015fta olmak \u00fczere herkesin 19 May\u0131s Atat\u00fcrk\u2019\u00fc Anma, Gen\u00e7lik ve Spor Bayram\u0131\u2019n\u0131 kutluyorum&#8221;<\/p>\n<p>Alia\u011fa\u2019n\u0131n gen\u00e7leri bayram co\u015fkusunu zirveye ta\u015f\u0131d\u0131<br \/>\n<br \/>Alia\u011fa \u0130l\u00e7e Gen\u00e7lik ve Spor M\u00fcd\u00fcr\u00fc \u00d6zlem G\u00fcnay Karata\u015f\u2019\u0131n konu\u015fmas\u0131n\u0131n ard\u0131ndan, Gen\u00e7lik ve Spor \u0130l\u00e7e M\u00fcd\u00fcrl\u00fc\u011f\u00fc taraf\u0131ndan d\u00fczenlenen gen\u00e7lik ko\u015fusunda dereceye giren \u00f6\u011frenciler i\u00e7in \u00f6d\u00fcl t\u00f6reni d\u00fczenlendi. T\u00fcrkiye Odalar ve Borsalar Birli\u011fi ALOSB\u0130 Mesleki ve Teknik Anadolu Lisesi \u00f6\u011frencilerin sunumuyla Gen\u00e7li\u011fe Hitabe ve Gen\u00e7li\u011fin Ata\u2019ya Cevab\u0131 okundu. T\u00fcrkiye Odalar ve Borsalar Birli\u011fi ALOSB\u0130 Mesleki ve Teknik Anadolu Lisesi \u00f6\u011frencileri \u2018Erik Dal\u0131\u2019 e\u015fli\u011finde dans etti. Ard\u0131ndan Alia\u011fa Belediyesi karate ve g\u00fcre\u015f tak\u0131mlar\u0131 g\u00f6sterilerini yapt\u0131. Spor g\u00f6sterileri Alcim cimnastik ekibinin g\u00f6sterisi ile devam etti.  Sonras\u0131nda sahne alan Alia\u011fa Belediyesi Halk Oyunlar\u0131 ekibinin g\u00f6sterisi izleyenlerin be\u011fenisini toplad\u0131. Kutlama program\u0131 T\u00fcrkiye Odalar ve Borsalar Birli\u011fi ALOSB\u0130 Mesleki ve Teknik Anadolu Lisesi \u00f6\u011frencilerinin haz\u0131rlad\u0131\u011f\u0131 \u2018Band\u0131rma Vapuru\u2019 final g\u00f6sterisi ile sona erdi.<br \/><\/p>\n","protected":false},"excerpt":{"rendered":"<p>T\u00fcrkiye Cumhuriyeti\u2019nin kurucusu Gazi Mustafa Kemal Atat\u00fcrk\u2019\u00fcn T\u00fcrk Gen\u00e7li\u011fine arma\u011fan etti\u011fi 19 May\u0131s Atat\u00fcrk\u2019\u00fc Anma, Gen\u00e7lik ve Spor Bayram\u0131\u2019n\u0131n 106.Y\u0131l d\u00f6n\u00fcm\u00fc t\u00fcm yurtta oldu\u011fu gibi Alia\u011fa\u2019da da t\u00f6ren ve etkinliklerle co\u015fku i\u00e7inde kutland\u0131. Sabah saatlerinde Atat\u00fcrk Ortaokulu\u2019ndan ba\u015flayan kortej y\u00fcr\u00fcy\u00fc\u015f\u00fc ve Cumhuriyet Meydan\u0131\u2019nda ger\u00e7ekle\u015ftirilen \u00e7elenk sunumunun ard\u0131ndan kutlama program\u0131 Alia\u011fa Atat\u00fcrk Stad\u0131ndaki g\u00f6sterilerle devam etti&#8230;.<\/p>\n","protected":false},"author":1,"featured_media":29986,"comment_status":"open","ping_status":"open","sticky":false,"template":"","format":"standard","meta":{"_crdt_document":"","footnotes":""},"categories":[1],"tags":[],"class_list":["post-29985","post","type-post","status-publish","format-standard","has-post-thumbnail","hentry","category-guncel"],"_links":{"self":[{"href":"https:\/\/www.egemtv.com\/index.php?rest_route=\/wp\/v2\/posts\/29985","targetHints":{"allow":["GET"]}}],"collection":[{"href":"https:\/\/www.egemtv.com\/index.php?rest_route=\/wp\/v2\/posts"}],"about":[{"href":"https:\/\/www.egemtv.com\/index.php?rest_route=\/wp\/v2\/types\/post"}],"author":[{"embeddable":true,"href":"https:\/\/www.egemtv.com\/index.php?rest_route=\/wp\/v2\/users\/1"}],"replies":[{"embeddable":true,"href":"https:\/\/www.egemtv.com\/index.php?rest_route=%2Fwp%2Fv2%2Fcomments&post=29985"}],"version-history":[{"count":1,"href":"https:\/\/www.egemtv.com\/index.php?rest_route=\/wp\/v2\/posts\/29985\/revisions"}],"predecessor-version":[{"id":29987,"href":"https:\/\/www.egemtv.com\/index.php?rest_route=\/wp\/v2\/posts\/29985\/revisions\/29987"}],"wp:featuredmedia":[{"embeddable":true,"href":"https:\/\/www.egemtv.com\/index.php?rest_route=\/wp\/v2\/media\/29986"}],"wp:attachment":[{"href":"https:\/\/www.egemtv.com\/index.php?rest_route=%2Fwp%2Fv2%2Fmedia&parent=29985"}],"wp:term":[{"taxonomy":"category","embeddable":true,"href":"https:\/\/www.egemtv.com\/index.php?rest_route=%2Fwp%2Fv2%2Fcategories&post=29985"},{"taxonomy":"post_tag","embeddable":true,"href":"https:\/\/www.egemtv.com\/index.php?rest_route=%2Fwp%2Fv2%2Ftags&post=29985"}],"curies":[{"name":"wp","href":"https:\/\/api.w.org\/{rel}","templated":true}]}}