{"id":29982,"date":"2025-05-19T16:56:27","date_gmt":"2025-05-19T13:56:27","guid":{"rendered":"https:\/\/www.egemtv.com\/?p=29982"},"modified":"2025-05-19T16:56:32","modified_gmt":"2025-05-19T13:56:32","slug":"naylon-posete-sarip-turgutlu-mezarligina-attilar","status":"publish","type":"post","link":"https:\/\/www.egemtv.com\/?p=29982","title":{"rendered":"Naylon po\u015fete sar\u0131p Turgutlu mezarl\u0131\u011f\u0131na att\u0131lar"},"content":{"rendered":"<p>Manisa\u2019n\u0131n Turgutlu il\u00e7esinde vatanda\u015flar taraf\u0131ndan bulunan ve i\u00e7inde ne oldu\u011fu bilinmeyen po\u015fet tedirginli\u011fe sebep oldu.<br \/>\n<br \/>Olay, \u00f6\u011fle saatlerinde Turgutlu il\u00e7esi Manisa B\u00fcy\u00fck\u015fehir Belediyesi Kabristan\u0131nda meydana geldi. Bir vatanda\u015f\u0131n g\u00f6r\u00fcp yetkililere bildirdi\u011fi k\u00f6t\u00fc kokular yayan ve bantla sar\u0131lm\u0131\u015f sar\u0131 renkli naylon po\u015fet tedirginli\u011fe neden oldu. Mezarl\u0131k yetkileri ve polis ekipleri po\u015fette ne oldu\u011funu incelemek i\u00e7in a\u00e7t\u0131\u011f\u0131nda ise po\u015fetin i\u00e7inde hayvan \u00f6l\u00fcs\u00fc oldu\u011fu g\u00f6r\u00fcld\u00fc. Kim ya da kimler taraf\u0131ndan mezarl\u0131\u011fa b\u0131rak\u0131ld\u0131\u011f\u0131 bilinmeyen naylon po\u015fetle sar\u0131l\u0131 hayvan \u00f6l\u00fcs\u00fcn\u00fcn yetkililer taraf\u0131ndan mezarl\u0131ktan al\u0131narak g\u00f6t\u00fcr\u00fcld\u00fc\u011f\u00fc \u00f6\u011frenildi.<br \/><\/p>\n","protected":false},"excerpt":{"rendered":"<p>Manisa\u2019n\u0131n Turgutlu il\u00e7esinde vatanda\u015flar taraf\u0131ndan bulunan ve i\u00e7inde ne oldu\u011fu bilinmeyen po\u015fet tedirginli\u011fe sebep oldu. Olay, \u00f6\u011fle saatlerinde Turgutlu il\u00e7esi Manisa B\u00fcy\u00fck\u015fehir Belediyesi Kabristan\u0131nda meydana geldi. Bir vatanda\u015f\u0131n g\u00f6r\u00fcp yetkililere bildirdi\u011fi k\u00f6t\u00fc kokular yayan ve bantla sar\u0131lm\u0131\u015f sar\u0131 renkli naylon po\u015fet tedirginli\u011fe neden oldu. Mezarl\u0131k yetkileri ve polis ekipleri po\u015fette ne oldu\u011funu incelemek i\u00e7in a\u00e7t\u0131\u011f\u0131nda&#8230;<\/p>\n","protected":false},"author":1,"featured_media":29983,"comment_status":"open","ping_status":"open","sticky":false,"template":"","format":"standard","meta":{"_crdt_document":"","footnotes":""},"categories":[5],"tags":[],"class_list":["post-29982","post","type-post","status-publish","format-standard","has-post-thumbnail","hentry","category-asayis"],"_links":{"self":[{"href":"https:\/\/www.egemtv.com\/index.php?rest_route=\/wp\/v2\/posts\/29982","targetHints":{"allow":["GET"]}}],"collection":[{"href":"https:\/\/www.egemtv.com\/index.php?rest_route=\/wp\/v2\/posts"}],"about":[{"href":"https:\/\/www.egemtv.com\/index.php?rest_route=\/wp\/v2\/types\/post"}],"author":[{"embeddable":true,"href":"https:\/\/www.egemtv.com\/index.php?rest_route=\/wp\/v2\/users\/1"}],"replies":[{"embeddable":true,"href":"https:\/\/www.egemtv.com\/index.php?rest_route=%2Fwp%2Fv2%2Fcomments&post=29982"}],"version-history":[{"count":1,"href":"https:\/\/www.egemtv.com\/index.php?rest_route=\/wp\/v2\/posts\/29982\/revisions"}],"predecessor-version":[{"id":29984,"href":"https:\/\/www.egemtv.com\/index.php?rest_route=\/wp\/v2\/posts\/29982\/revisions\/29984"}],"wp:featuredmedia":[{"embeddable":true,"href":"https:\/\/www.egemtv.com\/index.php?rest_route=\/wp\/v2\/media\/29983"}],"wp:attachment":[{"href":"https:\/\/www.egemtv.com\/index.php?rest_route=%2Fwp%2Fv2%2Fmedia&parent=29982"}],"wp:term":[{"taxonomy":"category","embeddable":true,"href":"https:\/\/www.egemtv.com\/index.php?rest_route=%2Fwp%2Fv2%2Fcategories&post=29982"},{"taxonomy":"post_tag","embeddable":true,"href":"https:\/\/www.egemtv.com\/index.php?rest_route=%2Fwp%2Fv2%2Ftags&post=29982"}],"curies":[{"name":"wp","href":"https:\/\/api.w.org\/{rel}","templated":true}]}}