{"id":29979,"date":"2025-05-19T16:37:08","date_gmt":"2025-05-19T13:37:08","guid":{"rendered":"https:\/\/www.egemtv.com\/?p=29979"},"modified":"2025-05-19T16:37:13","modified_gmt":"2025-05-19T13:37:13","slug":"karya-farma-hbx-ar-ge-gulu-labortuvara-aldi-gulun-frekansi-tip-dunyasinda-kullanilacak","status":"publish","type":"post","link":"https:\/\/www.egemtv.com\/?p=29979","title":{"rendered":"Karya Farma HBX Ar-Ge, g\u00fcl\u00fc labortuvara ald\u0131, g\u00fcl\u00fcn frekans\u0131 t\u0131p d\u00fcnyas\u0131nda kullan\u0131lacak"},"content":{"rendered":"<p>Ayd\u0131n Adnan Menderes \u00dcniversitesi (AD\u00dc) Teknokent b\u00fcnyesinde faaliyet g\u00f6steren Karya Farma HBX Ar-Ge, t\u0131p d\u00fcnyas\u0131nda \u00e7\u0131\u011f\u0131r a\u00e7abilecek bir form\u00fclasyonla \u00fczerinde \u00e7al\u0131\u015fmaya ba\u015flad\u0131. HBX-2371 ad\u0131 verilen bu biyoteknolojik \u00fcr\u00fcn, sadece bakterilere kar\u015f\u0131 de\u011fil, ayn\u0131 zamanda vir\u00fcs, mantar ve parazitlere kar\u015f\u0131 da etkili olmas\u0131yla dikkat \u00e7ekiyor.<br \/>\n<br \/>D\u00fcnya genelinde b\u00fcy\u00fck bir sa\u011fl\u0131k sorunu haline gelen antibiyotik direncine kar\u015f\u0131 geleneksel ila\u00e7lar\u0131n etkisiz hale gelmedi\u011fini belirten Karya Farma HBX Ar-Ge Kurucusu Hakan Ba\u015fl\u0131k, HBX-2371\u2019in nanoteknoloji, biyofilm k\u0131r\u0131c\u0131 ajanlar, genetik mod\u00fclasyon ve biyofrekans teknolojisi gibi modern bilimsel y\u00f6ntemleri birle\u015ftiren yap\u0131s\u0131ya sahip oldu\u011funu belirtti.<br \/>\n<br \/>Karya Farma Ar-Ge ekibi olarak, Nikola Tesla\u2019n\u0131n \u2018evrenin s\u0131rlar\u0131n\u0131 anlamak i\u00e7in 3, 6 ve 9\u2019u anlamal\u0131s\u0131n\u0131z\u2019 s\u00f6z\u00fcyle ifade etti\u011fi frekans kodlar\u0131n\u0131n izinden giderek; HBX-2371 form\u00fclasyonuna yeni bir boyut kazand\u0131rd\u0131klar\u0131n\u0131 kaydeden Ba\u015fl\u0131k, &#8220;\u00d6zellikle g\u00fcl \u00e7i\u00e7e\u011finin frekans\u0131, bu \u00e7al\u0131\u015fmalar\u0131n merkezine yerle\u015ftirildi. Bilimsel ara\u015ft\u0131rmalarda, g\u00fcl bitkisinin yayd\u0131\u011f\u0131 elektromanyetik dalga formunun, baz\u0131 patojenlerin yay\u0131lmas\u0131n\u0131 bask\u0131lad\u0131\u011f\u0131, v\u00fccut rezonans\u0131n\u0131 y\u00fckseltti\u011fi ve ba\u011f\u0131\u015f\u0131kl\u0131k mod\u00fclasyonuna katk\u0131 sa\u011flad\u0131\u011f\u0131 tespit edildi&#8221; dedi.<br \/>\n<br \/>Rosa damascena t\u00fcr\u00fc g\u00fcl \u00fczerine yap\u0131lan kromatografik analizlerde; geraniol, citronellol, nerol, eugenol ve feniletanol gibi antimikrobiyal ve antienflamatuar etkilere sahip fitokimyasallar belirlendi\u011fini ifade eden Karya Farma HBX Ar-Ge Kurucusu Hakan Ba\u015fl\u0131k,&#8221; Bu molek\u00fcller, HBX-2371 form\u00fclasyonuna sinerji sa\u011flayarak hem mikrobiyal diren\u00e7leri k\u0131rmakta hem de ba\u011f\u0131\u015f\u0131kl\u0131k sistemini d\u00fczenlemekte katk\u0131 sa\u011fl\u0131yor. HBX-2371\u2019in laboratuvar ortam\u0131nda, antibiyoti\u011fe diren\u00e7li MRSA, Klebsiella, Pseudomonas, Candida, HIV, hatta COVID-19 gibi zorlu mikroorganizmalara kar\u015f\u0131 g\u00f6sterdi\u011fi y\u00fcksek etki, dikkat \u00e7ekti. Ayn\u0131 zamanda, ba\u011f\u0131\u015f\u0131kl\u0131k dostu probiyotik destekleriyle v\u00fccut dengesini korudu\u011fu g\u00f6r\u00fcld\u00fc. HBX-2371 gelecekte a\u015f\u0131lara alternatif olarak da d\u00fc\u015f\u00fcn\u00fclen bir form\u00fclasyon. \u015eimdi bu \u00e7al\u0131\u015fmaya g\u00fcl frekanslar\u0131 ve Tesla\u2019n\u0131n 369 s\u0131rr\u0131n\u0131 entegre etmeye \u00e7al\u0131\u015f\u0131yoruz&#8221; dedi.<br \/>\n<br \/>Ayd\u0131n\u2019da ger\u00e7ekle\u015ftirdikleri bu biyoteknolojik devrim niteli\u011finde \u00e7al\u0131\u015fmay\u0131, K\u00fcba\u2019n\u0131n bilimsel i\u015f birli\u011fiyle g\u00fc\u00e7lendirerek, d\u00fcnya t\u0131bb\u0131n\u0131n gelece\u011fini de\u011fi\u015ftirmeye \u00e7al\u0131\u015ft\u0131klar\u0131n\u0131 kaydeden Ba\u015fl\u0131k, &#8220;E\u011fer HBX-2371, klinik s\u00fcre\u00e7lerde de bu ba\u015far\u0131s\u0131n\u0131 kan\u0131tlarsa, insanl\u0131k tarihinde \u2018evrensel antibiyotik\u2019 olarak adland\u0131r\u0131labilecek ilk biyofrekans destekli form\u00fcl olacak&#8221; diye konu\u015ftu.<br \/>\n<br \/>Karya Farma HBX Ar-Ge ekibinden Kimyager Asl\u0131 Akta\u015f, HBX-2371\u2019in geli\u015ftirme s\u00fcreciyle ilgili yapt\u0131\u011f\u0131 a\u00e7\u0131klamada &#8220;Bu form\u00fclasyon, yaln\u0131zca klasik antibiyotiklere alternatif de\u011fil, ayn\u0131 zamanda ba\u011f\u0131\u015f\u0131kl\u0131k sistemini destekleyen ve mikroorganizmalar\u0131n genetik direncini a\u015fabilen \u00e7ok katmanl\u0131 bir yap\u0131ya sahiptir. Nikola Tesla\u2019n\u0131n 369 frekans ilkeleri ile g\u00fcl bitkisinin y\u00fcksek titre\u015fimli yap\u0131s\u0131n\u0131 sentezleyerek, hem biyolojik hem de enerjetik d\u00fczeyde koruyucu bir kalkan olu\u015fturmay\u0131 ba\u015fard\u0131k. HBX-2371, gelecekte tek dozla \u00e7ok say\u0131da enfeksiyona kar\u015f\u0131 koruma sa\u011flayabilecek yeni nesil bir biyoteknolojik \u00e7\u00f6z\u00fcmd\u00fcr&#8221; diyerek bu \u00e7al\u0131\u015fmay\u0131 19 May\u0131s dolay\u0131s\u0131yla gen\u00e7li\u011fe arma\u011fan ettiklerini s\u00f6yledi.<br \/><\/p>\n","protected":false},"excerpt":{"rendered":"<p>Ayd\u0131n Adnan Menderes \u00dcniversitesi (AD\u00dc) Teknokent b\u00fcnyesinde faaliyet g\u00f6steren Karya Farma HBX Ar-Ge, t\u0131p d\u00fcnyas\u0131nda \u00e7\u0131\u011f\u0131r a\u00e7abilecek bir form\u00fclasyonla \u00fczerinde \u00e7al\u0131\u015fmaya ba\u015flad\u0131. HBX-2371 ad\u0131 verilen bu biyoteknolojik \u00fcr\u00fcn, sadece bakterilere kar\u015f\u0131 de\u011fil, ayn\u0131 zamanda vir\u00fcs, mantar ve parazitlere kar\u015f\u0131 da etkili olmas\u0131yla dikkat \u00e7ekiyor. D\u00fcnya genelinde b\u00fcy\u00fck bir sa\u011fl\u0131k sorunu haline gelen antibiyotik direncine kar\u015f\u0131&#8230;<\/p>\n","protected":false},"author":1,"featured_media":29980,"comment_status":"open","ping_status":"open","sticky":false,"template":"","format":"standard","meta":{"_crdt_document":"","footnotes":""},"categories":[124],"tags":[],"class_list":["post-29979","post","type-post","status-publish","format-standard","has-post-thumbnail","hentry","category-bilim"],"_links":{"self":[{"href":"https:\/\/www.egemtv.com\/index.php?rest_route=\/wp\/v2\/posts\/29979","targetHints":{"allow":["GET"]}}],"collection":[{"href":"https:\/\/www.egemtv.com\/index.php?rest_route=\/wp\/v2\/posts"}],"about":[{"href":"https:\/\/www.egemtv.com\/index.php?rest_route=\/wp\/v2\/types\/post"}],"author":[{"embeddable":true,"href":"https:\/\/www.egemtv.com\/index.php?rest_route=\/wp\/v2\/users\/1"}],"replies":[{"embeddable":true,"href":"https:\/\/www.egemtv.com\/index.php?rest_route=%2Fwp%2Fv2%2Fcomments&post=29979"}],"version-history":[{"count":1,"href":"https:\/\/www.egemtv.com\/index.php?rest_route=\/wp\/v2\/posts\/29979\/revisions"}],"predecessor-version":[{"id":29981,"href":"https:\/\/www.egemtv.com\/index.php?rest_route=\/wp\/v2\/posts\/29979\/revisions\/29981"}],"wp:featuredmedia":[{"embeddable":true,"href":"https:\/\/www.egemtv.com\/index.php?rest_route=\/wp\/v2\/media\/29980"}],"wp:attachment":[{"href":"https:\/\/www.egemtv.com\/index.php?rest_route=%2Fwp%2Fv2%2Fmedia&parent=29979"}],"wp:term":[{"taxonomy":"category","embeddable":true,"href":"https:\/\/www.egemtv.com\/index.php?rest_route=%2Fwp%2Fv2%2Fcategories&post=29979"},{"taxonomy":"post_tag","embeddable":true,"href":"https:\/\/www.egemtv.com\/index.php?rest_route=%2Fwp%2Fv2%2Ftags&post=29979"}],"curies":[{"name":"wp","href":"https:\/\/api.w.org\/{rel}","templated":true}]}}