{"id":29976,"date":"2025-05-19T16:37:06","date_gmt":"2025-05-19T13:37:06","guid":{"rendered":"https:\/\/www.egemtv.com\/?p=29976"},"modified":"2025-05-19T16:37:08","modified_gmt":"2025-05-19T13:37:08","slug":"germencikte-3-8-siddetinde-deprem","status":"publish","type":"post","link":"https:\/\/www.egemtv.com\/?p=29976","title":{"rendered":"Germencik\u2019te 3.8 \u015fiddetinde deprem"},"content":{"rendered":"<p>Ayd\u0131n\u2019\u0131n Germencik il\u00e7esinde 3.8 \u015fiddetinde deprem meydana geldi.<\/p>\n<p>AFAD verilerine g\u00f6re saat 15.58\u2019de merkez \u00fcss\u00fc Ayd\u0131n\u2019\u0131n Germencik il\u00e7esi olan 8.77 kilometre derinlikte 3.8 \u015fiddetinde deprem meydana geldi. Deprem Germencik ve \u00e7evre il\u00e7elerde hafif \u015fekilde hissedilirken, herhangi bir olumsuzluk ya\u015fanmad\u0131\u011f\u0131 \u00f6\u011frenildi.<br \/><\/p>\n","protected":false},"excerpt":{"rendered":"<p>Ayd\u0131n\u2019\u0131n Germencik il\u00e7esinde 3.8 \u015fiddetinde deprem meydana geldi. AFAD verilerine g\u00f6re saat 15.58\u2019de merkez \u00fcss\u00fc Ayd\u0131n\u2019\u0131n Germencik il\u00e7esi olan 8.77 kilometre derinlikte 3.8 \u015fiddetinde deprem meydana geldi. Deprem Germencik ve \u00e7evre il\u00e7elerde hafif \u015fekilde hissedilirken, herhangi bir olumsuzluk ya\u015fanmad\u0131\u011f\u0131 \u00f6\u011frenildi.<\/p>\n","protected":false},"author":1,"featured_media":29977,"comment_status":"open","ping_status":"open","sticky":false,"template":"","format":"standard","meta":{"_crdt_document":"","footnotes":""},"categories":[5],"tags":[],"class_list":["post-29976","post","type-post","status-publish","format-standard","has-post-thumbnail","hentry","category-asayis"],"_links":{"self":[{"href":"https:\/\/www.egemtv.com\/index.php?rest_route=\/wp\/v2\/posts\/29976","targetHints":{"allow":["GET"]}}],"collection":[{"href":"https:\/\/www.egemtv.com\/index.php?rest_route=\/wp\/v2\/posts"}],"about":[{"href":"https:\/\/www.egemtv.com\/index.php?rest_route=\/wp\/v2\/types\/post"}],"author":[{"embeddable":true,"href":"https:\/\/www.egemtv.com\/index.php?rest_route=\/wp\/v2\/users\/1"}],"replies":[{"embeddable":true,"href":"https:\/\/www.egemtv.com\/index.php?rest_route=%2Fwp%2Fv2%2Fcomments&post=29976"}],"version-history":[{"count":1,"href":"https:\/\/www.egemtv.com\/index.php?rest_route=\/wp\/v2\/posts\/29976\/revisions"}],"predecessor-version":[{"id":29978,"href":"https:\/\/www.egemtv.com\/index.php?rest_route=\/wp\/v2\/posts\/29976\/revisions\/29978"}],"wp:featuredmedia":[{"embeddable":true,"href":"https:\/\/www.egemtv.com\/index.php?rest_route=\/wp\/v2\/media\/29977"}],"wp:attachment":[{"href":"https:\/\/www.egemtv.com\/index.php?rest_route=%2Fwp%2Fv2%2Fmedia&parent=29976"}],"wp:term":[{"taxonomy":"category","embeddable":true,"href":"https:\/\/www.egemtv.com\/index.php?rest_route=%2Fwp%2Fv2%2Fcategories&post=29976"},{"taxonomy":"post_tag","embeddable":true,"href":"https:\/\/www.egemtv.com\/index.php?rest_route=%2Fwp%2Fv2%2Ftags&post=29976"}],"curies":[{"name":"wp","href":"https:\/\/api.w.org\/{rel}","templated":true}]}}