{"id":29970,"date":"2025-05-19T16:15:35","date_gmt":"2025-05-19T13:15:35","guid":{"rendered":"https:\/\/www.egemtv.com\/?p=29970"},"modified":"2025-05-19T16:15:40","modified_gmt":"2025-05-19T13:15:40","slug":"ispartada-19-mayis-ataturku-anma-ve-genclik-spor-bayrami-coskuyla-kutlandi","status":"publish","type":"post","link":"https:\/\/www.egemtv.com\/?p=29970","title":{"rendered":"Isparta\u2019da 19 May\u0131s Atat\u00fcrk\u2019\u00fc Anma ve Gen\u00e7lik Spor Bayram\u0131 co\u015fkuyla kutland\u0131"},"content":{"rendered":"<p>19 May\u0131s Atat\u00fcrk\u2019\u00fc Anma, Gen\u00e7lik ve Spor Bayram\u0131\u2019n\u0131n 106. y\u0131l\u0131, Isparta\u2019da d\u00fczenlenen co\u015fkulu bir programla kutland\u0131. Etkinli\u011fe protokol ve vatanda\u015flar yo\u011fun ilgi g\u00f6sterdi.<br \/>\n<br \/>Gazi Mustafa Kemal Atat\u00fcrk\u2019\u00fcn Samsun\u2019a \u00e7\u0131karak Kurtulu\u015f M\u00fccadelesi\u2019ni ba\u015flatt\u0131\u011f\u0131 19 May\u0131s 1919\u2019un 106. y\u0131l d\u00f6n\u00fcm\u00fc dolay\u0131s\u0131yla Isparta\u2019da kutlama program\u0131 d\u00fczenlendi. Program, gen\u00e7lerin haz\u0131rlad\u0131\u011f\u0131 \u00e7e\u015fitli g\u00f6sterilerle ba\u015flad\u0131. \u015eiir dinletileri, sportif etkinlikler ve halk oyunlar\u0131 g\u00f6sterileri izleyicilerden b\u00fcy\u00fck alk\u0131\u015f ald\u0131. Gen\u00e7lerin sergiledi\u011fi performanslar, milli m\u00fccadelenin ruhunu ve Atat\u00fcrk sevgisini salona ta\u015f\u0131d\u0131. 19 May\u0131s\u2019\u0131n T\u00fcrk gen\u00e7li\u011fi i\u00e7in bir d\u00f6n\u00fcm noktas\u0131 oldu\u011funa dikkat \u00e7eken protokol \u00fcyeleri, gelece\u011fin teminat\u0131 olan gen\u00e7lerin tarih bilinciyle yeti\u015fmesinin \u00f6nemine vurgu yapt\u0131. Kutlama program\u0131, toplu hat\u0131ra foto\u011fraf\u0131 \u00e7ekimi ve m\u00fczik dinletisiyle sona erdi.<br \/>\n<br \/>I\u015f\u0131kkent Spor Salonu\u2019nda ger\u00e7ekle\u015ftirilen t\u00f6rene, Isparta Valisi Abdullah Erin, \u0130l Emniyet M\u00fcd\u00fcr\u00fc Erdem Bildirici, il protokol \u00fcyeleri ve \u00e7ok say\u0131da vatanda\u015f kat\u0131ld\u0131.<br \/><\/p>\n","protected":false},"excerpt":{"rendered":"<p>19 May\u0131s Atat\u00fcrk\u2019\u00fc Anma, Gen\u00e7lik ve Spor Bayram\u0131\u2019n\u0131n 106. y\u0131l\u0131, Isparta\u2019da d\u00fczenlenen co\u015fkulu bir programla kutland\u0131. Etkinli\u011fe protokol ve vatanda\u015flar yo\u011fun ilgi g\u00f6sterdi. Gazi Mustafa Kemal Atat\u00fcrk\u2019\u00fcn Samsun\u2019a \u00e7\u0131karak Kurtulu\u015f M\u00fccadelesi\u2019ni ba\u015flatt\u0131\u011f\u0131 19 May\u0131s 1919\u2019un 106. y\u0131l d\u00f6n\u00fcm\u00fc dolay\u0131s\u0131yla Isparta\u2019da kutlama program\u0131 d\u00fczenlendi. Program, gen\u00e7lerin haz\u0131rlad\u0131\u011f\u0131 \u00e7e\u015fitli g\u00f6sterilerle ba\u015flad\u0131. \u015eiir dinletileri, sportif etkinlikler ve halk&#8230;<\/p>\n","protected":false},"author":1,"featured_media":29971,"comment_status":"open","ping_status":"open","sticky":false,"template":"","format":"standard","meta":{"_crdt_document":"","footnotes":""},"categories":[1],"tags":[],"class_list":["post-29970","post","type-post","status-publish","format-standard","has-post-thumbnail","hentry","category-guncel"],"_links":{"self":[{"href":"https:\/\/www.egemtv.com\/index.php?rest_route=\/wp\/v2\/posts\/29970","targetHints":{"allow":["GET"]}}],"collection":[{"href":"https:\/\/www.egemtv.com\/index.php?rest_route=\/wp\/v2\/posts"}],"about":[{"href":"https:\/\/www.egemtv.com\/index.php?rest_route=\/wp\/v2\/types\/post"}],"author":[{"embeddable":true,"href":"https:\/\/www.egemtv.com\/index.php?rest_route=\/wp\/v2\/users\/1"}],"replies":[{"embeddable":true,"href":"https:\/\/www.egemtv.com\/index.php?rest_route=%2Fwp%2Fv2%2Fcomments&post=29970"}],"version-history":[{"count":1,"href":"https:\/\/www.egemtv.com\/index.php?rest_route=\/wp\/v2\/posts\/29970\/revisions"}],"predecessor-version":[{"id":29972,"href":"https:\/\/www.egemtv.com\/index.php?rest_route=\/wp\/v2\/posts\/29970\/revisions\/29972"}],"wp:featuredmedia":[{"embeddable":true,"href":"https:\/\/www.egemtv.com\/index.php?rest_route=\/wp\/v2\/media\/29971"}],"wp:attachment":[{"href":"https:\/\/www.egemtv.com\/index.php?rest_route=%2Fwp%2Fv2%2Fmedia&parent=29970"}],"wp:term":[{"taxonomy":"category","embeddable":true,"href":"https:\/\/www.egemtv.com\/index.php?rest_route=%2Fwp%2Fv2%2Fcategories&post=29970"},{"taxonomy":"post_tag","embeddable":true,"href":"https:\/\/www.egemtv.com\/index.php?rest_route=%2Fwp%2Fv2%2Ftags&post=29970"}],"curies":[{"name":"wp","href":"https:\/\/api.w.org\/{rel}","templated":true}]}}