{"id":29967,"date":"2025-05-19T15:59:36","date_gmt":"2025-05-19T12:59:36","guid":{"rendered":"https:\/\/www.egemtv.com\/?p=29967"},"modified":"2025-05-19T15:59:40","modified_gmt":"2025-05-19T12:59:40","slug":"aile-yili-kapsaminda-aydinda-bir-araya-geldiler","status":"publish","type":"post","link":"https:\/\/www.egemtv.com\/?p=29967","title":{"rendered":"Aile Y\u0131l\u0131 kapsam\u0131nda Ayd\u0131n\u2019da bir araya geldiler"},"content":{"rendered":"<p>Ayd\u0131n\u2019\u0131n Ku\u015fadas\u0131 il\u00e7esinde ger\u00e7ekle\u015ftirilen \u2019Ayd\u0131n En B\u00fcy\u00fck Aile Bulu\u015fmas\u0131\u2019nda aileler bir araya gelirken, etkinlikte aile kavram\u0131n\u0131n \u00f6nemine dikkat \u00e7ekildi.<\/p>\n<p>Cumhurba\u015fkan\u0131 Recep Tayyip Erdo\u011fan taraf\u0131ndan 2025\u2019in Aile Y\u0131l\u0131 ilan edilmesi kapsam\u0131nda d\u00fczenlenen &#8220;Ayd\u0131n En B\u00fcy\u00fck Aile Bulu\u015fmas\u0131&#8221; Ku\u015fadas\u0131 il\u00e7esinde ger\u00e7ekle\u015ftirildi. Ayd\u0131n Valili\u011fi ve Aile ve Sosyal Hizmetler \u0130l M\u00fcd\u00fcrl\u00fc\u011f\u00fc koordinesinde d\u00fczenlenen \u2019Aile Y\u0131l\u0131\u2019 etkinli\u011fi, sayg\u0131 duru\u015fu ve \u0130stiklal Mar\u015f\u0131\u2019n\u0131n okunmas\u0131yla ba\u015flad\u0131. Aile ve Sosyal Hizmetler \u0130l M\u00fcd\u00fcrl\u00fc\u011f\u00fc\u2019nden hizmet alan vatanda\u015flar, koruyucu aileler ve kurumdan emekli olan personeller ile gazi ve \u015fehit yak\u0131nlar\u0131n\u0131n bir araya geldi\u011fi etkinlikte, aile kavram\u0131n\u0131n \u00f6nemine dikkat \u00e7ekildi.<\/p>\n<p>A\u00e7\u0131l\u0131\u015f konu\u015fmalar\u0131n\u0131n ard\u0131ndan etkinlik, \u00f6\u011fretmen ve \u00f6\u011frencilerin Kerimo\u011flu Zeybe\u011fi g\u00f6sterisi, mini m\u00fczik konseri, halkoyunlar\u0131 g\u00f6sterisi ve ritim g\u00f6sterisi ile devam etti. Etkinli\u011fe e\u015fi ile birlikte kat\u0131lan Ku\u015fadas\u0131 Kaymakam\u0131 Keklik de ailenin \u00f6nemini vurgulayan konu\u015fma ger\u00e7ekle\u015ftirdi.<\/p>\n<p>Konu ile ilgili Ayd\u0131n Aile ve Sosyal Hizmetler \u0130l M\u00fcd\u00fcrl\u00fc\u011f\u00fc\u2019nden yap\u0131lan a\u00e7\u0131klamada &#8220;Cumhurba\u015fkan\u0131m\u0131z\u0131n 2025 y\u0131l\u0131n\u0131 Aile y\u0131l\u0131 ilan etmesi ile 15 May\u0131s Aile Y\u0131l\u0131 kutlamalar\u0131 kapsam\u0131nda \u2019Ayd\u0131n En B\u00fcy\u00fck Aile Bulu\u015fmas\u0131\u2019 kapsam\u0131nda bakanl\u0131\u011f\u0131m\u0131zdan hizmet alan ve kurum bak\u0131m\u0131ndan faydalanan bireylerimiz, koruyucu ailelerimiz ve kurumuzdan emekli olan personellerimiz, gazilerimiz, \u015fehit yak\u0131nlar\u0131m\u0131z olmak \u00fczere ger\u00e7ekle\u015ftirilen program ile bir araya gelerek aile kavram\u0131n\u0131n \u00f6nemini bir kez daha vurgulad\u0131k&#8221; ifadeleri yer ald\u0131.<br \/><\/p>\n","protected":false},"excerpt":{"rendered":"<p>Ayd\u0131n\u2019\u0131n Ku\u015fadas\u0131 il\u00e7esinde ger\u00e7ekle\u015ftirilen \u2019Ayd\u0131n En B\u00fcy\u00fck Aile Bulu\u015fmas\u0131\u2019nda aileler bir araya gelirken, etkinlikte aile kavram\u0131n\u0131n \u00f6nemine dikkat \u00e7ekildi. Cumhurba\u015fkan\u0131 Recep Tayyip Erdo\u011fan taraf\u0131ndan 2025\u2019in Aile Y\u0131l\u0131 ilan edilmesi kapsam\u0131nda d\u00fczenlenen &#8220;Ayd\u0131n En B\u00fcy\u00fck Aile Bulu\u015fmas\u0131&#8221; Ku\u015fadas\u0131 il\u00e7esinde ger\u00e7ekle\u015ftirildi. Ayd\u0131n Valili\u011fi ve Aile ve Sosyal Hizmetler \u0130l M\u00fcd\u00fcrl\u00fc\u011f\u00fc koordinesinde d\u00fczenlenen \u2019Aile Y\u0131l\u0131\u2019 etkinli\u011fi, sayg\u0131 duru\u015fu&#8230;<\/p>\n","protected":false},"author":1,"featured_media":29968,"comment_status":"open","ping_status":"open","sticky":false,"template":"","format":"standard","meta":{"_crdt_document":"","footnotes":""},"categories":[1],"tags":[],"class_list":["post-29967","post","type-post","status-publish","format-standard","has-post-thumbnail","hentry","category-guncel"],"_links":{"self":[{"href":"https:\/\/www.egemtv.com\/index.php?rest_route=\/wp\/v2\/posts\/29967","targetHints":{"allow":["GET"]}}],"collection":[{"href":"https:\/\/www.egemtv.com\/index.php?rest_route=\/wp\/v2\/posts"}],"about":[{"href":"https:\/\/www.egemtv.com\/index.php?rest_route=\/wp\/v2\/types\/post"}],"author":[{"embeddable":true,"href":"https:\/\/www.egemtv.com\/index.php?rest_route=\/wp\/v2\/users\/1"}],"replies":[{"embeddable":true,"href":"https:\/\/www.egemtv.com\/index.php?rest_route=%2Fwp%2Fv2%2Fcomments&post=29967"}],"version-history":[{"count":1,"href":"https:\/\/www.egemtv.com\/index.php?rest_route=\/wp\/v2\/posts\/29967\/revisions"}],"predecessor-version":[{"id":29969,"href":"https:\/\/www.egemtv.com\/index.php?rest_route=\/wp\/v2\/posts\/29967\/revisions\/29969"}],"wp:featuredmedia":[{"embeddable":true,"href":"https:\/\/www.egemtv.com\/index.php?rest_route=\/wp\/v2\/media\/29968"}],"wp:attachment":[{"href":"https:\/\/www.egemtv.com\/index.php?rest_route=%2Fwp%2Fv2%2Fmedia&parent=29967"}],"wp:term":[{"taxonomy":"category","embeddable":true,"href":"https:\/\/www.egemtv.com\/index.php?rest_route=%2Fwp%2Fv2%2Fcategories&post=29967"},{"taxonomy":"post_tag","embeddable":true,"href":"https:\/\/www.egemtv.com\/index.php?rest_route=%2Fwp%2Fv2%2Ftags&post=29967"}],"curies":[{"name":"wp","href":"https:\/\/api.w.org\/{rel}","templated":true}]}}