{"id":29964,"date":"2025-05-19T15:59:31","date_gmt":"2025-05-19T12:59:31","guid":{"rendered":"https:\/\/www.egemtv.com\/?p=29964"},"modified":"2025-05-19T15:59:35","modified_gmt":"2025-05-19T12:59:35","slug":"camelide-19-mayis-ataturku-anma-genclik-ve-spor-bayrami-coskulu-torenlerle-kutlandi","status":"publish","type":"post","link":"https:\/\/www.egemtv.com\/?p=29964","title":{"rendered":"\u00c7ameli\u2019de 19 May\u0131s Atat\u00fcrk\u2019\u00fc Anma, Gen\u00e7lik ve Spor Bayram\u0131, co\u015fkulu t\u00f6renlerle kutland\u0131"},"content":{"rendered":"<p>Denizli\u2019nin \u00c7ameli il\u00e7esinde 19 May\u0131s Atat\u00fcrk\u2019\u00fc Anma, Gen\u00e7lik ve Spor Bayram\u0131 co\u015fkulu t\u00f6renlerle kutland\u0131. Kutlamalar kapsam\u0131nda d\u00fczenlenen \u00e7e\u015fitli yar\u0131\u015fma ve m\u00fcsabakalarda dereceye giren \u00f6\u011frencilere \u00f6d\u00fcl takdim edildi.<\/p>\n<p>Saat 10.00\u2019da Atat\u00fcrk An\u0131t\u0131\u2019na \u00e7elenk sunulmas\u0131yla ba\u015flayan program, \u00c7ameli \u0130l\u00e7e Stad\u0131\u2019nda yo\u011fun kat\u0131l\u0131mla devam etti. Milli M\u00fccadele\u2019nin 106. y\u0131l\u0131 dolay\u0131s\u0131yla d\u00fczenlenen kutlama program\u0131, sayg\u0131 duru\u015fu ve \u0130stiklal Mar\u015f\u0131\u2019n\u0131n okunmas\u0131n\u0131n ard\u0131ndan, \u0130l\u00e7e M\u00fcft\u00fcs\u00fc \u0130smail Y\u0131lmaz taraf\u0131ndan bug\u00fcne dek gelmi\u015f ge\u00e7mi\u015f t\u00fcm \u015fehitlerimiz ad\u0131na yap\u0131lan dua ile devam etti.<\/p>\n<p>Etkinlik \u00f6ncesinde, \u00c7ameli Kaymakam\u0131 Talha Tunahan Y\u0131ld\u0131r\u0131m ve \u00c7ameli Belediye Ba\u015fkan\u0131 Cengiz Arslan taraf\u0131ndan kat\u0131l\u0131mc\u0131 okullar\u0131n \u00f6\u011frencileri ve vatanda\u015flarla bayramla\u015fma ger\u00e7ekle\u015ftirildi. G\u00fcn\u00fcn anlam ve \u00f6nemine dair konu\u015fmalar\u0131n ard\u0131ndan, lise \u00f6\u011frencileri \u015fiirler okudu. Halk oyunlar\u0131, jimnastik g\u00f6sterileri, kule g\u00f6sterileri ve zeybek oyunlar\u0131 izleyicilerden b\u00fcy\u00fck be\u011feni toplad\u0131. 19 May\u0131s Atat\u00fcrk\u2019\u00fc Anma, Gen\u00e7lik ve Spor Bayram\u0131\u2019n\u0131n 106. y\u0131l\u0131 kapsam\u0131nda d\u00fczenlenen \u00e7e\u015fitli yar\u0131\u015fma ve m\u00fcsabakalarda dereceye giren \u00f6\u011frencilere \u00f6d\u00fclleri; Kaymakam Talha Tunahan Y\u0131ld\u0131r\u0131m, Ba\u015fkan Cengiz Arslan ve Cumhuriyet Savc\u0131s\u0131 Sefaye Merve Orhan taraf\u0131ndan takdim edildi. Program, bando e\u015fli\u011finde ger\u00e7ekle\u015ftirilen ge\u00e7it t\u00f6reniyle sona erdi.<\/p>\n<p>T\u00f6rene, \u00c7ameli Kaymakam\u0131 Talha Tunahan Y\u0131ld\u0131r\u0131m, \u00c7ameli Belediye Ba\u015fkan\u0131 Cengiz Arslan ve e\u015fi \u0130lkin Arslan, Cumhuriyet Savc\u0131s\u0131 Sefaye Merve Orhan, \u0130l\u00e7e Jandarma Komutan\u0131 Suat \u0130\u015f\u00e7en, \u0130l\u00e7e Emniyet Amiri Bilal Cing\u00f6r, \u0130l\u00e7e Gen\u00e7lik ve Spor M\u00fcd\u00fcr\u00fc Metin Da\u011fl\u0131, protokol \u00fcyeleri, meclis \u00fcyeleri ve vatanda\u015flar kat\u0131ld\u0131.<br \/><\/p>\n","protected":false},"excerpt":{"rendered":"<p>Denizli\u2019nin \u00c7ameli il\u00e7esinde 19 May\u0131s Atat\u00fcrk\u2019\u00fc Anma, Gen\u00e7lik ve Spor Bayram\u0131 co\u015fkulu t\u00f6renlerle kutland\u0131. Kutlamalar kapsam\u0131nda d\u00fczenlenen \u00e7e\u015fitli yar\u0131\u015fma ve m\u00fcsabakalarda dereceye giren \u00f6\u011frencilere \u00f6d\u00fcl takdim edildi. Saat 10.00\u2019da Atat\u00fcrk An\u0131t\u0131\u2019na \u00e7elenk sunulmas\u0131yla ba\u015flayan program, \u00c7ameli \u0130l\u00e7e Stad\u0131\u2019nda yo\u011fun kat\u0131l\u0131mla devam etti. Milli M\u00fccadele\u2019nin 106. y\u0131l\u0131 dolay\u0131s\u0131yla d\u00fczenlenen kutlama program\u0131, sayg\u0131 duru\u015fu ve \u0130stiklal Mar\u015f\u0131\u2019n\u0131n&#8230;<\/p>\n","protected":false},"author":1,"featured_media":29965,"comment_status":"open","ping_status":"open","sticky":false,"template":"","format":"standard","meta":{"_crdt_document":"","footnotes":""},"categories":[1],"tags":[],"class_list":["post-29964","post","type-post","status-publish","format-standard","has-post-thumbnail","hentry","category-guncel"],"_links":{"self":[{"href":"https:\/\/www.egemtv.com\/index.php?rest_route=\/wp\/v2\/posts\/29964","targetHints":{"allow":["GET"]}}],"collection":[{"href":"https:\/\/www.egemtv.com\/index.php?rest_route=\/wp\/v2\/posts"}],"about":[{"href":"https:\/\/www.egemtv.com\/index.php?rest_route=\/wp\/v2\/types\/post"}],"author":[{"embeddable":true,"href":"https:\/\/www.egemtv.com\/index.php?rest_route=\/wp\/v2\/users\/1"}],"replies":[{"embeddable":true,"href":"https:\/\/www.egemtv.com\/index.php?rest_route=%2Fwp%2Fv2%2Fcomments&post=29964"}],"version-history":[{"count":1,"href":"https:\/\/www.egemtv.com\/index.php?rest_route=\/wp\/v2\/posts\/29964\/revisions"}],"predecessor-version":[{"id":29966,"href":"https:\/\/www.egemtv.com\/index.php?rest_route=\/wp\/v2\/posts\/29964\/revisions\/29966"}],"wp:featuredmedia":[{"embeddable":true,"href":"https:\/\/www.egemtv.com\/index.php?rest_route=\/wp\/v2\/media\/29965"}],"wp:attachment":[{"href":"https:\/\/www.egemtv.com\/index.php?rest_route=%2Fwp%2Fv2%2Fmedia&parent=29964"}],"wp:term":[{"taxonomy":"category","embeddable":true,"href":"https:\/\/www.egemtv.com\/index.php?rest_route=%2Fwp%2Fv2%2Fcategories&post=29964"},{"taxonomy":"post_tag","embeddable":true,"href":"https:\/\/www.egemtv.com\/index.php?rest_route=%2Fwp%2Fv2%2Ftags&post=29964"}],"curies":[{"name":"wp","href":"https:\/\/api.w.org\/{rel}","templated":true}]}}