{"id":29961,"date":"2025-05-19T15:36:43","date_gmt":"2025-05-19T12:36:43","guid":{"rendered":"https:\/\/www.egemtv.com\/?p=29961"},"modified":"2025-05-19T15:36:48","modified_gmt":"2025-05-19T12:36:48","slug":"usaksporun-yeni-teknik-direktoru-ergun-penbe-oldu","status":"publish","type":"post","link":"https:\/\/www.egemtv.com\/?p=29961","title":{"rendered":"U\u015fakspor\u2019un yeni teknik direkt\u00f6r\u00fc Erg\u00fcn Penbe oldu"},"content":{"rendered":"<p>U\u015fakspor\u2019un yeni teknik direkt\u00f6r\u00fc Erg\u00fcn Penbe i\u00e7in imza t\u00f6reni d\u00fczenlendi.<br \/>\n<br \/>TFF 3. Lig ekibi U\u015fakspor, ge\u00e7ti\u011fimiz g\u00fcnlerde anla\u015fma sa\u011flad\u0131\u011f\u0131 Teknik Direkt\u00f6r Erg\u00fcn Penbe i\u00e7in imza t\u00f6reni d\u00fczenledi. Huzurpark\u2019ta bulunan U\u015fakspor A tak\u0131m tesislerinde ger\u00e7ekle\u015fen t\u00f6rene U\u015fak Belediye Ba\u015fkan\u0131 ve U\u015fakspor Onursal Ba\u015fkan\u0131 \u00d6zkan Yal\u0131m, U\u015fak Belediye Ba\u015fkan Yard\u0131mc\u0131s\u0131 Halil Arslan, U\u015fakspor Kul\u00fcb\u00fc Ba\u015fkan\u0131 Do\u011fukan Kurnaz, teknik heyet ve taraftarlar kat\u0131ld\u0131.<br \/>\n<br \/>Erg\u00fcn Penbe\u2019yi tak\u0131m\u0131n ba\u015f\u0131na getirmenin mutlulu\u011funu ya\u015fad\u0131\u011f\u0131 dile getiren Ba\u015fkan Yal\u0131m, &#8220;\u015eampiyon olmak i\u00e7in b\u00fct\u00fcn g\u00fcc\u00fcm\u00fczle destek verece\u011fiz. Belediye olarak, U\u015fakl\u0131 vatanda\u015flar olarak U\u015fakspor i\u00e7in gerekli her t\u00fcrl\u00fc \u00e7al\u0131\u015fmay\u0131 yapaca\u011f\u0131z. Bu \u00e7al\u0131\u015fma i\u00e7in ilk \u00f6nce geminin kaptan\u0131n\u0131 getirmemiz gerekiyordu. Galatasaray\u2019da \u00e7ok b\u00fcy\u00fck ba\u015far\u0131lara imza atan Erg\u00fcn Penbe\u2019yi getirmenin gururunu ya\u015f\u0131yoruz&#8221; dedi.<br \/>\n<br \/>\u015eampiyonluk i\u00e7in t\u00fcm mesaisini U\u015fakspor i\u00e7in harcayaca\u011f\u0131n\u0131 aktaran Penbe ise, &#8220;\u00d6ncelikle yeni sezonda \u015fampiyonlu\u011fa oynayacak bir tak\u0131m kurmam\u0131z gerekiyor. Bunun i\u00e7in hep beraber birlikte bir \u00e7al\u0131\u015fma yap\u0131p, \u00f6ncelikle \u015fampiyonluk i\u00e7in bir tak\u0131m olu\u015fturup bu yolda ilerleyece\u011fiz. Tabi ki, rekabet olacak, iyi tak\u0131mlar olacak, g\u00fczel bir yar\u0131\u015fma olacak. Biz bu yar\u0131\u015f\u0131n i\u00e7inde olmak istiyoruz. G\u00fcn\u00fcn sonunda da \u015fampiyonlu\u011fa ula\u015fmak istiyoruz. Bunun i\u00e7in elimizden gelen ne varsa yapaca\u011f\u0131z. \u00c7al\u0131\u015faca\u011f\u0131z, ekibimle b\u00fct\u00fcn mesaimizi buna harcayaca\u011f\u0131z&#8221; ifadelerini kulland\u0131.<br \/>\n<br \/>2025-2026 sezonunda hedeflerinin TFF 2. Lig\u2019e \u00e7\u0131kmak oldu\u011fu s\u00f6yleyen U\u015fakspor Kul\u00fcb\u00fc Ba\u015fkan\u0131 Do\u011fukan Kurnaz da, &#8220;\u0130n\u015fallah y\u00f6netimimizle, taraftar\u0131m\u0131zla bu tak\u0131m\u0131 \u015fampiyon yap\u0131p tekrar eski g\u00fcnlerine tekrar geri d\u00f6nd\u00fcrece\u011fiz. \u0130n\u015fallah 1. Lig\u2019deki U\u015fakspor\u2019u tekrardan taraftarlar\u0131m\u0131z\u0131n \u00f6n\u00fcne koyaca\u011f\u0131z. Hedefimiz \u015fampiyonluk. \u0130n\u015fallah Ba\u015faraca\u011f\u0131z&#8221; c\u00fcmlelerine yer verdi.<br \/>\n<br \/>\u0130mza t\u00f6reni toplu foto\u011fraf \u00e7ekiminin ard\u0131ndan son buldu.<br \/><\/p>\n","protected":false},"excerpt":{"rendered":"<p>U\u015fakspor\u2019un yeni teknik direkt\u00f6r\u00fc Erg\u00fcn Penbe i\u00e7in imza t\u00f6reni d\u00fczenlendi. TFF 3. Lig ekibi U\u015fakspor, ge\u00e7ti\u011fimiz g\u00fcnlerde anla\u015fma sa\u011flad\u0131\u011f\u0131 Teknik Direkt\u00f6r Erg\u00fcn Penbe i\u00e7in imza t\u00f6reni d\u00fczenledi. Huzurpark\u2019ta bulunan U\u015fakspor A tak\u0131m tesislerinde ger\u00e7ekle\u015fen t\u00f6rene U\u015fak Belediye Ba\u015fkan\u0131 ve U\u015fakspor Onursal Ba\u015fkan\u0131 \u00d6zkan Yal\u0131m, U\u015fak Belediye Ba\u015fkan Yard\u0131mc\u0131s\u0131 Halil Arslan, U\u015fakspor Kul\u00fcb\u00fc Ba\u015fkan\u0131 Do\u011fukan Kurnaz,&#8230;<\/p>\n","protected":false},"author":1,"featured_media":29962,"comment_status":"open","ping_status":"open","sticky":false,"template":"","format":"standard","meta":{"_crdt_document":"","footnotes":""},"categories":[4],"tags":[],"class_list":["post-29961","post","type-post","status-publish","format-standard","has-post-thumbnail","hentry","category-spor"],"_links":{"self":[{"href":"https:\/\/www.egemtv.com\/index.php?rest_route=\/wp\/v2\/posts\/29961","targetHints":{"allow":["GET"]}}],"collection":[{"href":"https:\/\/www.egemtv.com\/index.php?rest_route=\/wp\/v2\/posts"}],"about":[{"href":"https:\/\/www.egemtv.com\/index.php?rest_route=\/wp\/v2\/types\/post"}],"author":[{"embeddable":true,"href":"https:\/\/www.egemtv.com\/index.php?rest_route=\/wp\/v2\/users\/1"}],"replies":[{"embeddable":true,"href":"https:\/\/www.egemtv.com\/index.php?rest_route=%2Fwp%2Fv2%2Fcomments&post=29961"}],"version-history":[{"count":1,"href":"https:\/\/www.egemtv.com\/index.php?rest_route=\/wp\/v2\/posts\/29961\/revisions"}],"predecessor-version":[{"id":29963,"href":"https:\/\/www.egemtv.com\/index.php?rest_route=\/wp\/v2\/posts\/29961\/revisions\/29963"}],"wp:featuredmedia":[{"embeddable":true,"href":"https:\/\/www.egemtv.com\/index.php?rest_route=\/wp\/v2\/media\/29962"}],"wp:attachment":[{"href":"https:\/\/www.egemtv.com\/index.php?rest_route=%2Fwp%2Fv2%2Fmedia&parent=29961"}],"wp:term":[{"taxonomy":"category","embeddable":true,"href":"https:\/\/www.egemtv.com\/index.php?rest_route=%2Fwp%2Fv2%2Fcategories&post=29961"},{"taxonomy":"post_tag","embeddable":true,"href":"https:\/\/www.egemtv.com\/index.php?rest_route=%2Fwp%2Fv2%2Ftags&post=29961"}],"curies":[{"name":"wp","href":"https:\/\/api.w.org\/{rel}","templated":true}]}}