{"id":29958,"date":"2025-05-19T15:36:37","date_gmt":"2025-05-19T12:36:37","guid":{"rendered":"https:\/\/www.egemtv.com\/?p=29958"},"modified":"2025-05-19T15:36:43","modified_gmt":"2025-05-19T12:36:43","slug":"usakta-19-mayis-ataturku-anma-genclik-ve-spor-bayrami-coskuyla-kutlandi","status":"publish","type":"post","link":"https:\/\/www.egemtv.com\/?p=29958","title":{"rendered":"U\u015fak\u2019ta 19 May\u0131s Atat\u00fcrk\u2019\u00fc Anma, Gen\u00e7lik ve Spor Bayram\u0131 co\u015fkuyla kutland\u0131"},"content":{"rendered":"<p>19 May\u0131s Atat\u00fcrk\u2019\u00fc Anma, Gen\u00e7lik ve Spor Bayram\u0131 t\u00fcm yurtta oldu\u011fu gibi U\u015fak\u2019ta da co\u015fku ile kutland\u0131.<br \/>\n<br \/>U\u015fak\u2019ta t\u00f6renlerin adresi her zaman oldu\u011fu gibi 15 Temmuz \u015eehitleri Meydan\u0131 oldu. T\u00f6ren Gen\u00e7lik ve Spor \u0130l M\u00fcd\u00fcr\u00fc Hac\u0131 Tevfik \u00d6zdemir taraf\u0131ndan Atat\u00fcrk An\u0131t\u0131\u2019na \u00e7elenk sunumuyla ba\u015flad\u0131. Sayg\u0131 duru\u015fu ve \u0130stiklal Mar\u015f\u0131\u2019n\u0131n okunmas\u0131n\u0131n ard\u0131ndan Gen\u00e7lik ve Spor \u0130l M\u00fcd\u00fcr\u00fc Hac\u0131 Tevfik \u00d6zdemir g\u00fcn\u00fcn anlam ve \u00f6nemini belirten bir konu\u015fma yapt\u0131.<br \/>\n<br \/>U\u015fak Valisi Naci Akta\u015f ve U\u015fak Belediye Ba\u015fkan\u0131 \u00d6zkan Yal\u0131m, t\u00f6rene kat\u0131lan \u00f6\u011frenci, \u00f6\u011fretmen ve vatanda\u015flar\u0131n bayram\u0131n\u0131 kutlamas\u0131n\u0131n ard\u0131ndan t\u00f6renlere ge\u00e7ildi. T\u00f6rende \u00f6\u011frencilerin ve sporcular\u0131n haz\u0131rlad\u0131klar\u0131 halk oyunlar\u0131, jimnastik, karate g\u00f6sterisi sergilendi.<br \/>\n<br \/>Daha sonra \u00e7e\u015fitli bran\u015flarda yap\u0131lan yar\u0131\u015fmalarda dereceye girenlere \u00f6d\u00fclleri Vali Naci Akta\u015f ve protokol \u00fcyeleri taraf\u0131ndan verildi.<br \/>\n<br \/>T\u00f6rene U\u015fak Valisi Naci Akta\u015f, U\u015fak AK Parti Milletvekili \u0130smail G\u00fcne\u015f, U\u015fak CHP Milletvekili Ali Karaoba, U\u015fak Belediye Ba\u015fkan\u0131 \u00d6zkan Yal\u0131m, U\u015fak Cumhuriyet Ba\u015fsavc\u0131s\u0131 \u0130smet \u00c7\u0131nar, Adalet Komisyonu Ba\u015fkan\u0131 Sinan \u00d6zbek, \u0130l Emniyet M\u00fcd\u00fcr\u00fc Mehmet Ali Kolcu, \u0130l Jandarma Komutan\u0131 K\u0131demli Albay Fahri Semiz, U\u015fak \u00dcniversitesi Rekt\u00f6r\u00fc Prof. Dr. Ekrem Sava\u015f, kurum m\u00fcd\u00fcrleri, siyasi parti temsilcileri ve vatanda\u015flar kat\u0131ld\u0131.<br \/><\/p>\n","protected":false},"excerpt":{"rendered":"<p>19 May\u0131s Atat\u00fcrk\u2019\u00fc Anma, Gen\u00e7lik ve Spor Bayram\u0131 t\u00fcm yurtta oldu\u011fu gibi U\u015fak\u2019ta da co\u015fku ile kutland\u0131. U\u015fak\u2019ta t\u00f6renlerin adresi her zaman oldu\u011fu gibi 15 Temmuz \u015eehitleri Meydan\u0131 oldu. T\u00f6ren Gen\u00e7lik ve Spor \u0130l M\u00fcd\u00fcr\u00fc Hac\u0131 Tevfik \u00d6zdemir taraf\u0131ndan Atat\u00fcrk An\u0131t\u0131\u2019na \u00e7elenk sunumuyla ba\u015flad\u0131. Sayg\u0131 duru\u015fu ve \u0130stiklal Mar\u015f\u0131\u2019n\u0131n okunmas\u0131n\u0131n ard\u0131ndan Gen\u00e7lik ve Spor \u0130l&#8230;<\/p>\n","protected":false},"author":1,"featured_media":29959,"comment_status":"open","ping_status":"open","sticky":false,"template":"","format":"standard","meta":{"_crdt_document":"","footnotes":""},"categories":[1],"tags":[],"class_list":["post-29958","post","type-post","status-publish","format-standard","has-post-thumbnail","hentry","category-guncel"],"_links":{"self":[{"href":"https:\/\/www.egemtv.com\/index.php?rest_route=\/wp\/v2\/posts\/29958","targetHints":{"allow":["GET"]}}],"collection":[{"href":"https:\/\/www.egemtv.com\/index.php?rest_route=\/wp\/v2\/posts"}],"about":[{"href":"https:\/\/www.egemtv.com\/index.php?rest_route=\/wp\/v2\/types\/post"}],"author":[{"embeddable":true,"href":"https:\/\/www.egemtv.com\/index.php?rest_route=\/wp\/v2\/users\/1"}],"replies":[{"embeddable":true,"href":"https:\/\/www.egemtv.com\/index.php?rest_route=%2Fwp%2Fv2%2Fcomments&post=29958"}],"version-history":[{"count":1,"href":"https:\/\/www.egemtv.com\/index.php?rest_route=\/wp\/v2\/posts\/29958\/revisions"}],"predecessor-version":[{"id":29960,"href":"https:\/\/www.egemtv.com\/index.php?rest_route=\/wp\/v2\/posts\/29958\/revisions\/29960"}],"wp:featuredmedia":[{"embeddable":true,"href":"https:\/\/www.egemtv.com\/index.php?rest_route=\/wp\/v2\/media\/29959"}],"wp:attachment":[{"href":"https:\/\/www.egemtv.com\/index.php?rest_route=%2Fwp%2Fv2%2Fmedia&parent=29958"}],"wp:term":[{"taxonomy":"category","embeddable":true,"href":"https:\/\/www.egemtv.com\/index.php?rest_route=%2Fwp%2Fv2%2Fcategories&post=29958"},{"taxonomy":"post_tag","embeddable":true,"href":"https:\/\/www.egemtv.com\/index.php?rest_route=%2Fwp%2Fv2%2Ftags&post=29958"}],"curies":[{"name":"wp","href":"https:\/\/api.w.org\/{rel}","templated":true}]}}